{"id":3572,"date":"2021-05-18T14:11:13","date_gmt":"2021-05-18T17:11:13","guid":{"rendered":"https:\/\/sinpes.org.br\/site\/?p=3572"},"modified":"2021-05-18T14:12:11","modified_gmt":"2021-05-18T17:12:11","slug":"sinpes-cobra-a-vacinacao-de-docentes-do-ensino-superior","status":"publish","type":"post","link":"https:\/\/sinpes.org.br\/site\/sinpes-cobra-a-vacinacao-de-docentes-do-ensino-superior\/","title":{"rendered":"Sinpes cobra a vacina\u00e7\u00e3o de docentes do Ensino Superior"},"content":{"rendered":"<p><strong>18\/05\/2021<\/strong><\/p>\n<p>No \u00faltimo dia 11\/05 a Divis\u00e3o de Vigil\u00e2ncia do Programa Estadual de Imuniza\u00e7\u00e3o do Estado do Paran\u00e1 emitiu comunicado sobre a vacina\u00e7\u00e3o de trabalhadores da educa\u00e7\u00e3o. No documento, existe a informa\u00e7\u00e3o de que trabalhadores do ensino superior n\u00e3o ser\u00e3o vacinados neste momento.<\/p>\n<p>Ao n\u00e3o incluir os trabalhadores do ensino superior na vacina\u00e7\u00e3o o governo do Estado do Paran\u00e1 deixa de fora, neste momento, milhares de pessoas. Em Curitiba e Regi\u00e3o Metropolitana atuam cerca de cinco mil docentes e em torno de dois mil auxiliares de administra\u00e7\u00e3o escolar no \u00e2mbito do ensino privado.<\/p>\n<p>S\u00e3o trabalhadores expostos diariamente nas salas de aulas e nas demais depend\u00eancias das institui\u00e7\u00f5es de ensino superior. A volta \u00e0s aulas presenciais, no chamado ensino h\u00edbrido, j\u00e1 \u00e9 realidade em universidades de Curitiba e Regi\u00e3o. Muitos docentes ministram conte\u00fado em aulas pr\u00e1ticas em laborat\u00f3rios de diversos cursos. Entre eles, os da \u00e1rea de sa\u00fade que t\u00eam contato di\u00e1rio com v\u00e1rios estudantes dos cursos da \u00e1rea que j\u00e1 trabalham em hospitais, cl\u00ednicas e unidades de sa\u00fade, o que torna extremamente perigoso o retorno das atividades presenciais. Especialmente se considerando que muitos, inclusive, atuam na linha de frente no combate \u00e0 pandemia da Covid-19, correndo o risco de serem vetores n\u00e3o intencionais do novo coronav\u00edrus.<\/p>\n<p>Al\u00e9m disso, a pandemia da covid-19 em Curitiba voltou a ganhar for\u00e7a nas \u00faltimas semanas e desta vez chega com mudan\u00e7a no perfil dos casos graves. Dados do monitoramento do Centro de Epidemiologia da Secretaria Municipal de Sa\u00fade mostram aumento nos internamentos de doentes mais jovens e queda no n\u00famero de pacientes com idades mais avan\u00e7adas em rela\u00e7\u00e3o ao total de internados.<\/p>\n<p>A propor\u00e7\u00e3o de pacientes mais jovens sendo internados para tratamento de casos graves e moderados de covid-19 em Curitiba aumentou. Na \u00faltima semana de abril, pessoas entre 50 e 59 anos responderam por 31% do total de internamentos, maior \u00edndice para esta faixa et\u00e1ria desde o in\u00edcio da pandemia, em mar\u00e7o de 2020. Em n\u00fameros absolutos, o aumento de internados por covid nesta faixa de idade (50-59 anos) \u00e9 ainda maior, de 94 pessoas na primeira semana de fevereiro para 154 na \u00faltima de abril.<\/p>\n<p>No m\u00eas de mar\u00e7o o Governo Federal decidiu incluir os profissionais da educa\u00e7\u00e3o no grupo priorit\u00e1rio para receber a vacina contra a Covid-19. A princ\u00edpio, os trabalhadores da educa\u00e7\u00e3o b\u00e1sica seriam os primeiros a serem imunizados. Entretanto, em 14\/05 o Minist\u00e9rio da Sa\u00fade declarou que deve assegurar vacinas para iniciar a imuniza\u00e7\u00e3o dos profissionais da educa\u00e7\u00e3o at\u00e9 o dia 15 de junho. O an\u00fancio foi feito pelo secret\u00e1rio-executivo da pasta, Rodrigo Ot\u00e1vio Moreira da Cruz, durante sess\u00e3o tem\u00e1tica do Senado.<\/p>\n<p>Os entes federados t\u00eam autonomia para montar seu pr\u00f3prio esquema de vacina\u00e7\u00e3o de acordo com as caracter\u00edsticas de sua popula\u00e7\u00e3o, demandas espec\u00edficas de cada regi\u00e3o e doses disponibilizadas. Em S\u00e3o Paulo, por exemplo, o governador de S\u00e3o Jo\u00e3o Doria anunciou em 24\/04 o in\u00edcio da vacina\u00e7\u00e3o de profissionais da educa\u00e7\u00e3o a partir do dia 12 de abril. A primeira etapa da vacina\u00e7\u00e3o contemplar\u00e1 350 mil profissionais, com idade superior a 47 anos. O Estado tem 1 milh\u00e3o de trabalhadores na Educa\u00e7\u00e3o.<\/p>\n<p>Da\u00ed porque o Sinpes recebeu com surpresa regulamenta\u00e7\u00e3o no sentido de que trabalhadores do ensino superior n\u00e3o ser\u00e3o contemplados nesse momento com a vacina\u00e7\u00e3o, j\u00e1 que as aulas presenciais j\u00e1 voltaram em algumas institui\u00e7\u00f5es. Ainda mais se considerando que os Munic\u00edpios da Regi\u00e3o Metropolitana de Curitiba n\u00e3o adotaram, ao que se sabe, medida coerente com essa regulamenta\u00e7\u00e3o, impedindo o retorno das atividades presenciais no \u00e2mbito do ensino superior de seus territ\u00f3rios.<\/p>\n<p><strong>O Sinpes entrou em contato com a assessoria de comunica\u00e7\u00e3o da prefeitura de Curitiba e com a assessoria de comunica\u00e7\u00e3o da Secretaria Estadual de Sa\u00fade pedindo um posicionamento sobre a vacina\u00e7\u00e3o dos trabalhadores do ensino superior. At\u00e9 a publica\u00e7\u00e3o deste texto nem prefeitura, nem estado haviam respondido. <\/strong><\/p>\n<!-- AddThis Advanced Settings generic via filter on the_content --><!-- AddThis Share Buttons generic via filter on the_content -->","protected":false},"excerpt":{"rendered":"<p>18\/05\/2021 No \u00faltimo dia 11\/05 a Divis\u00e3o de Vigil\u00e2ncia do Programa Estadual de Imuniza\u00e7\u00e3o do Estado do Paran\u00e1 emitiu comunicado sobre a vacina\u00e7\u00e3o de trabalhadores da educa\u00e7\u00e3o. No documento, existe a informa\u00e7\u00e3o de que trabalhadores do ensino superior n\u00e3o ser\u00e3o vacinados neste momento. Ao n\u00e3o incluir os trabalhadores do ensino superior na vacina\u00e7\u00e3o o governo [&hellip;]<!-- AddThis Advanced Settings generic via filter on wp_trim_excerpt --><!-- AddThis Share Buttons generic via filter on wp_trim_excerpt --><\/p>\n","protected":false},"author":3,"featured_media":0,"comment_status":"closed","ping_status":"open","sticky":false,"template":"","format":"standard","meta":{"footnotes":""},"categories":[7,478,18,13],"tags":[456,462,82,656,472,684,683,643],"class_list":["post-3572","post","type-post","status-publish","format-standard","hentry","category-arquivo-de-noticias","category-coronavirus-e-direitos-dos-professores","category-destaque","category-home","tag-coronavirus","tag-covid-19","tag-ensino-superior","tag-governo-do-estado","tag-pandemia","tag-prefeitura-de-curitiba","tag-vacina","tag-vacinacao-de-professores"],"_links":{"self":[{"href":"https:\/\/sinpes.org.br\/site\/wp-json\/wp\/v2\/posts\/3572","targetHints":{"allow":["GET"]}}],"collection":[{"href":"https:\/\/sinpes.org.br\/site\/wp-json\/wp\/v2\/posts"}],"about":[{"href":"https:\/\/sinpes.org.br\/site\/wp-json\/wp\/v2\/types\/post"}],"author":[{"embeddable":true,"href":"https:\/\/sinpes.org.br\/site\/wp-json\/wp\/v2\/users\/3"}],"replies":[{"embeddable":true,"href":"https:\/\/sinpes.org.br\/site\/wp-json\/wp\/v2\/comments?post=3572"}],"version-history":[{"count":2,"href":"https:\/\/sinpes.org.br\/site\/wp-json\/wp\/v2\/posts\/3572\/revisions"}],"predecessor-version":[{"id":3574,"href":"https:\/\/sinpes.org.br\/site\/wp-json\/wp\/v2\/posts\/3572\/revisions\/3574"}],"wp:attachment":[{"href":"https:\/\/sinpes.org.br\/site\/wp-json\/wp\/v2\/media?parent=3572"}],"wp:term":[{"taxonomy":"category","embeddable":true,"href":"https:\/\/sinpes.org.br\/site\/wp-json\/wp\/v2\/categories?post=3572"},{"taxonomy":"post_tag","embeddable":true,"href":"https:\/\/sinpes.org.br\/site\/wp-json\/wp\/v2\/tags?post=3572"}],"curies":[{"name":"wp","href":"https:\/\/api.w.org\/{rel}","templated":true}]}}