{"id":3570,"date":"2021-05-13T10:03:39","date_gmt":"2021-05-13T13:03:39","guid":{"rendered":"https:\/\/sinpes.org.br\/site\/?p=3570"},"modified":"2021-05-13T10:03:39","modified_gmt":"2021-05-13T13:03:39","slug":"sinpes-destaca-a-prioridade-de-vacina-a-docentes-dos-cursos-de-saude","status":"publish","type":"post","link":"https:\/\/sinpes.org.br\/site\/sinpes-destaca-a-prioridade-de-vacina-a-docentes-dos-cursos-de-saude\/","title":{"rendered":"Sinpes destaca a prioridade de vacina a docentes dos cursos de sa\u00fade"},"content":{"rendered":"<p><strong>13\/05\/2021<\/strong><\/p>\n<p>Professores e Professoras do Ensino Superior privado entraram em contato com o Sinpes para denunciar sobre as funestas consequ\u00eancias da falta de prioriza\u00e7\u00e3o para a vacina\u00e7\u00e3o dos docentes do n\u00edvel superior, especialmente os que ministram aulas presenciais aos cursos de sa\u00fade.<\/p>\n<p>Est\u00e3o acontecendo aulas presenciais pr\u00e1ticas em cursos de ensino superior da \u00e1rea de sa\u00fade h\u00e1 algumas semanas, como j\u00e1 foi alertado pelo Sinpes. Os docentes que entraram em contato com o sindicato destacam que, ainda que haja distanciamento adequado, condi\u00e7\u00f5es para constante higieniza\u00e7\u00e3o de m\u00e3os e ambiente arejado para essas aulas, v\u00e1rios estudantes dos cursos da \u00e1rea de sa\u00fade j\u00e1 trabalham em hospitais, cl\u00ednicas e unidades de sa\u00fade, o que torna extremamente perigoso o retorno das atividades presenciais. Especialmente considerando-se que muitos, inclusive, atuam na linha de frente no combate \u00e0 pandemia da Covid-19, como socorristas, t\u00e9cnicos, assistentes, dentre outras atividades. Alguns deles saem de seus trabalhos, vindo diretamente de hospitais para as aulas presenciais, podendo funcionar como vetores n\u00e3o intencionais do novo coronav\u00edrus.<\/p>\n<p>H\u00e1 professores desses cursos que, por serem profissionais de sa\u00fade, j\u00e1 tiveram a feliz oportunidade de receber a imuniza\u00e7\u00e3o contra o novo Coronavirus. Por\u00e9m, alertam os docentes em contato com o Sinpes, h\u00e1 tamb\u00e9m aqueles das \u00e1reas b\u00e1sicas destes mesmos cursos que ainda n\u00e3o tiveram acesso \u00e0 vacina. Mesmo assim, os cursos de sa\u00fade sempre s\u00e3o colocados nos decretos restritivos do Estado do Paran\u00e1, e da Cidade de Curitiba, como exce\u00e7\u00f5es. Ou seja, enquanto as atividades de ensino de forma geral s\u00e3o desenvolvidas de forma remota, os cursos de sa\u00fade devem continuar funcionando presencialmente. Seguindo essa mesma coer\u00eancia da exce\u00e7\u00e3o, os profissionais de educa\u00e7\u00e3o que atuam em cursos de sa\u00fade, deveriam receber as vacinas contra Covid-19.<\/p>\n<p>Por fim, os professores lembram que at\u00e9 mesmo alunos de \u00faltimo ano dos cursos de sa\u00fade que se encontram em est\u00e1gios t\u00eam direito \u00e0 vacina, o que acentua a injusti\u00e7a da n\u00e3o vacina\u00e7\u00e3o dos professores de forma priorit\u00e1ria.<\/p>\n<p>O Sinpes se posiciona, desde o in\u00edcio da pandemia, no sentido de que as aulas presenciais s\u00f3 devem voltar depois da vacina\u00e7\u00e3o dos profissionais de educa\u00e7\u00e3o. Igualmente destaca tamb\u00e9m a necessidade premente de se priorizarem as vacina\u00e7\u00f5es dos docentes que atuam em cursos de sa\u00fade.<\/p>\n<!-- AddThis Advanced Settings generic via filter on the_content --><!-- AddThis Share Buttons generic via filter on the_content -->","protected":false},"excerpt":{"rendered":"<p>13\/05\/2021 Professores e Professoras do Ensino Superior privado entraram em contato com o Sinpes para denunciar sobre as funestas consequ\u00eancias da falta de prioriza\u00e7\u00e3o para a vacina\u00e7\u00e3o dos docentes do n\u00edvel superior, especialmente os que ministram aulas presenciais aos cursos de sa\u00fade. Est\u00e3o acontecendo aulas presenciais pr\u00e1ticas em cursos de ensino superior da \u00e1rea de [&hellip;]<!-- AddThis Advanced Settings generic via filter on wp_trim_excerpt --><!-- AddThis Share Buttons generic via filter on wp_trim_excerpt --><\/p>\n","protected":false},"author":3,"featured_media":0,"comment_status":"closed","ping_status":"open","sticky":false,"template":"","format":"standard","meta":{"footnotes":""},"categories":[7,478,18,13],"tags":[456,462,682,661,683,643,566],"class_list":["post-3570","post","type-post","status-publish","format-standard","hentry","category-arquivo-de-noticias","category-coronavirus-e-direitos-dos-professores","category-destaque","category-home","tag-coronavirus","tag-covid-19","tag-ensino-remoto","tag-ensino-hibrido","tag-vacina","tag-vacinacao-de-professores","tag-volta-as-aulas"],"_links":{"self":[{"href":"https:\/\/sinpes.org.br\/site\/wp-json\/wp\/v2\/posts\/3570","targetHints":{"allow":["GET"]}}],"collection":[{"href":"https:\/\/sinpes.org.br\/site\/wp-json\/wp\/v2\/posts"}],"about":[{"href":"https:\/\/sinpes.org.br\/site\/wp-json\/wp\/v2\/types\/post"}],"author":[{"embeddable":true,"href":"https:\/\/sinpes.org.br\/site\/wp-json\/wp\/v2\/users\/3"}],"replies":[{"embeddable":true,"href":"https:\/\/sinpes.org.br\/site\/wp-json\/wp\/v2\/comments?post=3570"}],"version-history":[{"count":1,"href":"https:\/\/sinpes.org.br\/site\/wp-json\/wp\/v2\/posts\/3570\/revisions"}],"predecessor-version":[{"id":3571,"href":"https:\/\/sinpes.org.br\/site\/wp-json\/wp\/v2\/posts\/3570\/revisions\/3571"}],"wp:attachment":[{"href":"https:\/\/sinpes.org.br\/site\/wp-json\/wp\/v2\/media?parent=3570"}],"wp:term":[{"taxonomy":"category","embeddable":true,"href":"https:\/\/sinpes.org.br\/site\/wp-json\/wp\/v2\/categories?post=3570"},{"taxonomy":"post_tag","embeddable":true,"href":"https:\/\/sinpes.org.br\/site\/wp-json\/wp\/v2\/tags?post=3570"}],"curies":[{"name":"wp","href":"https:\/\/api.w.org\/{rel}","templated":true}]}}