{"id":3568,"date":"2021-05-12T14:05:33","date_gmt":"2021-05-12T17:05:33","guid":{"rendered":"https:\/\/sinpes.org.br\/site\/?p=3568"},"modified":"2021-05-12T14:05:33","modified_gmt":"2021-05-12T17:05:33","slug":"sinpes-manifesta-preocupacao-com-volta-das-aulas-presencias-na-rede-estadual-do-parana","status":"publish","type":"post","link":"https:\/\/sinpes.org.br\/site\/sinpes-manifesta-preocupacao-com-volta-das-aulas-presencias-na-rede-estadual-do-parana\/","title":{"rendered":"Sinpes manifesta preocupa\u00e7\u00e3o com volta das aulas presencias na rede estadual do Paran\u00e1"},"content":{"rendered":"<p>12\/05\/2021<\/p>\n<p>O Sindicato dos Professores de Ensino Superior de Curitiba e Regi\u00e3o Metropolitana \u2013 SINPES manifesta preocupa\u00e7\u00e3o frente \u00e0 decis\u00e3o do governador Ratinho J\u00fanior de decretar a volta das aulas presenciais. A informa\u00e7\u00e3o de que as aulas no modelo h\u00edbrido retornariam, nesta segunda-feira (10), foi dada pelo governador no \u00faltimo dia 04\/05.\u00a0 Neste momento, de acordo com a Secretaria Estadual da Educa\u00e7\u00e3o, a volta acontece em cerca de 200 escolas. Mas a retomada deve ser gradativa para o restante dos col\u00e9gios em todos os munic\u00edpios do estado, como afirmou hoje (12) em entrevista Ratinho.<\/p>\n<p>Ratinho J\u00fanior voltou atr\u00e1s da decis\u00e3o que tinha tomado no m\u00eas de mar\u00e7o quando declarou que as aulas presenciais voltariam apenas quando professores, professoras e demais profissionais de educa\u00e7\u00e3o tivessem sido vacinados contra a Covid-19. At\u00e9 agora, cerca de 8 mil profissionais da educa\u00e7\u00e3o que t\u00eam mais de 60 anos j\u00e1 foram imunizados e o plano estadual prev\u00ea a vacina\u00e7\u00e3o de mais 32 mil profissionais de educa\u00e7\u00e3o das redes estadual, municipal e privada. O Paran\u00e1, no entanto, tem mais de 169 mil trabalhadores da \u00e1rea de educa\u00e7\u00e3o nas redes municipais e estadual.<\/p>\n<p>Ou seja, o governador decreta a volta \u00e0s aulas presenciais tendo vacinado apenas 4,7% dos profissionais de educa\u00e7\u00e3o do estado e com a inten\u00e7\u00e3o de vacinar mais 18%. Restar\u00e3o ainda 77,3% destes trabalhadores sem vacina, expostos diariamente ao v\u00edrus.<\/p>\n<p>A rede estadual comporta mais de 1 milh\u00e3o de estudantes. E eles est\u00e3o em uma faixa et\u00e1ria na qual os n\u00edveis de infec\u00e7\u00e3o por Coronav\u00edrus t\u00eam aumentado significativamente, inclusive com desdobramentos letais. Em 90 dias, a m\u00e9dia de infec\u00e7\u00e3o pelo coronav\u00edrus entre crian\u00e7as e adolescentes triplicou no estado. Do m\u00eas de mar\u00e7o ao m\u00eas de novembro do ano passado, uma m\u00e9dia de 3.387 menores de 18 anos infectaram-se por m\u00eas. J\u00e1 de dezembro a fevereiro deste ano, a m\u00e9dia foi de 10.122 crian\u00e7as e adolescentes que contra\u00edram a Covid-19, a cada m\u00eas. E a m\u00e9dia mensal de mortes na faixa et\u00e1ria dobrou, subindo de 2 para 4 por m\u00eas, na compara\u00e7\u00e3o entre os per\u00edodos. De mar\u00e7o a novembro, 20 crian\u00e7as e adolescentes morreram em decorr\u00eancia da Covid-19. De dezembro a fevereiro, 11 mortes foram confirmadas.<\/p>\n<p>At\u00e9 agora, mais de 90 mil crian\u00e7as e adolescentes se infectaram com Coronav\u00edrus no estado do Paran\u00e1.<\/p>\n<p>A esses estudantes, como tem alertado o Sinpes, somam-se mais de 120 mil que cursam ensino superior em Curitiba e Regi\u00e3o Metropolitana, cinco mil professores e professoras e em torno de dois mil auxiliares de administra\u00e7\u00e3o escolar que trabalham em institui\u00e7\u00f5es privadas.<\/p>\n<p>Obrigar professores e estudantes de institui\u00e7\u00f5es de ensino superior a voltar \u00e0s aulas presenciais, mesmo que no sistema h\u00edbrido e respeitando normas de seguran\u00e7a contra a Covid-19 \u00e9 uma irresponsabilidade que pode colocar milhares de vidas em risco. Essa \u00e9 a posi\u00e7\u00e3o defendida pelo Sindicato dos Professores de Ensino Superior de Curitiba e Regi\u00e3o Metropolitana (Sinpes).<\/p>\n<!-- AddThis Advanced Settings generic via filter on the_content --><!-- AddThis Share Buttons generic via filter on the_content -->","protected":false},"excerpt":{"rendered":"<p>12\/05\/2021 O Sindicato dos Professores de Ensino Superior de Curitiba e Regi\u00e3o Metropolitana \u2013 SINPES manifesta preocupa\u00e7\u00e3o frente \u00e0 decis\u00e3o do governador Ratinho J\u00fanior de decretar a volta das aulas presenciais. A informa\u00e7\u00e3o de que as aulas no modelo h\u00edbrido retornariam, nesta segunda-feira (10), foi dada pelo governador no \u00faltimo dia 04\/05.\u00a0 Neste momento, de [&hellip;]<!-- AddThis Advanced Settings generic via filter on wp_trim_excerpt --><!-- AddThis Share Buttons generic via filter on wp_trim_excerpt --><\/p>\n","protected":false},"author":3,"featured_media":0,"comment_status":"closed","ping_status":"open","sticky":false,"template":"","format":"standard","meta":{"footnotes":""},"categories":[7,478,18,13],"tags":[640,462,455,472,681,643,680],"class_list":["post-3568","post","type-post","status-publish","format-standard","hentry","category-arquivo-de-noticias","category-coronavirus-e-direitos-dos-professores","category-destaque","category-home","tag-aulas-presenciais","tag-covid-19","tag-nota","tag-pandemia","tag-sistema-hibrido","tag-vacinacao-de-professores","tag-voltas-as-aulas"],"_links":{"self":[{"href":"https:\/\/sinpes.org.br\/site\/wp-json\/wp\/v2\/posts\/3568","targetHints":{"allow":["GET"]}}],"collection":[{"href":"https:\/\/sinpes.org.br\/site\/wp-json\/wp\/v2\/posts"}],"about":[{"href":"https:\/\/sinpes.org.br\/site\/wp-json\/wp\/v2\/types\/post"}],"author":[{"embeddable":true,"href":"https:\/\/sinpes.org.br\/site\/wp-json\/wp\/v2\/users\/3"}],"replies":[{"embeddable":true,"href":"https:\/\/sinpes.org.br\/site\/wp-json\/wp\/v2\/comments?post=3568"}],"version-history":[{"count":1,"href":"https:\/\/sinpes.org.br\/site\/wp-json\/wp\/v2\/posts\/3568\/revisions"}],"predecessor-version":[{"id":3569,"href":"https:\/\/sinpes.org.br\/site\/wp-json\/wp\/v2\/posts\/3568\/revisions\/3569"}],"wp:attachment":[{"href":"https:\/\/sinpes.org.br\/site\/wp-json\/wp\/v2\/media?parent=3568"}],"wp:term":[{"taxonomy":"category","embeddable":true,"href":"https:\/\/sinpes.org.br\/site\/wp-json\/wp\/v2\/categories?post=3568"},{"taxonomy":"post_tag","embeddable":true,"href":"https:\/\/sinpes.org.br\/site\/wp-json\/wp\/v2\/tags?post=3568"}],"curies":[{"name":"wp","href":"https:\/\/api.w.org\/{rel}","templated":true}]}}