{"id":3549,"date":"2021-04-22T11:04:06","date_gmt":"2021-04-22T14:04:06","guid":{"rendered":"https:\/\/sinpes.org.br\/site\/?p=3549"},"modified":"2021-04-22T11:04:06","modified_gmt":"2021-04-22T14:04:06","slug":"atencao-professores-as-da-inesul-de-colombo","status":"publish","type":"post","link":"https:\/\/sinpes.org.br\/site\/atencao-professores-as-da-inesul-de-colombo\/","title":{"rendered":"ATEN\u00c7\u00c3O PROFESSORES (AS) DA INESUL DE COLOMBO"},"content":{"rendered":"<p>22\/04\/2021<\/p>\n<p>O Sindicato ajuizou a a\u00e7\u00e3o trabalhista de n\u00ba 0001239-41.2017.5.09.0657 em 10.11.2017, perante a Vara do Trabalho de Colombo, pleiteando a condena\u00e7\u00e3o da reclamada ao pagamento do FGTS devido aos substitu\u00eddos, de todo o per\u00edodo contratual. Em face desta a\u00e7\u00e3o foi deferido o pleito do Sindicato autor, condenando a r\u00e9 ao pagamento do FGTS devido durante a contratualidade.<\/p>\n<p>Tendo em vista que as decis\u00f5es transitaram em julgado, o SINPES requereu o in\u00edcio da execu\u00e7\u00e3o com a elabora\u00e7\u00e3o dos c\u00e1lculos de liquida\u00e7\u00e3o, o que foi deferido, com a intima\u00e7\u00e3o do Perito do Ju\u00edzo para elabora\u00e7\u00e3o dos c\u00e1lculos. Para que seja poss\u00edvel a apura\u00e7\u00e3o dos valores devidos e o prosseguimento do processo com os dep\u00f3sitos das diferen\u00e7as aos beneficiados \u00e9 necess\u00e1rio que a Caixa Econ\u00f4mica Federal forne\u00e7a os extratos anal\u00edticos dos substitu\u00eddos.<\/p>\n<p>Para que isso seja poss\u00edvel \u00e9 imprescind\u00edvel que os substitu\u00eddos elencados ou n\u00e3o na lista exemplificativa em anexo, que rescindiram o seu contrato de trabalho ap\u00f3s a data de 10.11.2015 ou que continuam trabalhando na INESUL, encaminhem os seguintes dados ao Sindicato autor at\u00e9 07.05.2021 pelo e-mail <a href=\"mailto:queila@sinpes.org.br\"><strong>queila@sinpes.org.br<\/strong><\/a><strong> ou <\/strong><a href=\"mailto:sinpes@sinpes.org.br\"><strong>sinpes@sinpes.org.br<\/strong><\/a><strong>:<\/strong><\/p>\n<p><strong>&#8211; N\u00famero do PIS;<\/strong><\/p>\n<p><strong>&#8211; N\u00famero do CPF;<\/strong><\/p>\n<p><strong>\u00a0&#8211; N\u00famero do RG.<\/strong><\/p>\n<p><strong>\u00a0&#8211; Data de Nascimento.<\/strong><\/p>\n<p>O Sinpes frisa que apenas os substitu\u00eddos que estiverem com os dados completos e que n\u00e3o manifestaram o desejo de n\u00e3o recolher contribui\u00e7\u00e3o negocial em favor do SINPES far\u00e3o parte da liquida\u00e7\u00e3o realizada pelo Perito do Ju\u00edzo, reiterando a import\u00e2ncia de fornecimento dos dados acima indicados.<\/p>\n<p>Aqueles beneficiados que porventura tenham encaminhado comunicado \u00e0 INESUL manifestando a inten\u00e7\u00e3o de n\u00e3o recolher contribui\u00e7\u00e3o negocial ao SINPES dever\u00e3o contratar advogado e informar diretamente nos autos os dados acima solicitados ou, previamente, promover o pagamento das contribui\u00e7\u00f5es negociais devidas, correspondentes aos anos de 2019 e 2020, no valor de 3,33% do sal\u00e1rio recebido no m\u00eas de outubro de 2019 e novembro de 2020.<\/p>\n<p><strong>Diretoria do Sinpes<\/strong><\/p>\n<!-- AddThis Advanced Settings generic via filter on the_content --><!-- AddThis Share Buttons generic via filter on the_content -->","protected":false},"excerpt":{"rendered":"<p>22\/04\/2021 O Sindicato ajuizou a a\u00e7\u00e3o trabalhista de n\u00ba 0001239-41.2017.5.09.0657 em 10.11.2017, perante a Vara do Trabalho de Colombo, pleiteando a condena\u00e7\u00e3o da reclamada ao pagamento do FGTS devido aos substitu\u00eddos, de todo o per\u00edodo contratual. Em face desta a\u00e7\u00e3o foi deferido o pleito do Sindicato autor, condenando a r\u00e9 ao pagamento do FGTS devido [&hellip;]<!-- AddThis Advanced Settings generic via filter on wp_trim_excerpt --><!-- AddThis Share Buttons generic via filter on wp_trim_excerpt --><\/p>\n","protected":false},"author":3,"featured_media":0,"comment_status":"closed","ping_status":"open","sticky":false,"template":"","format":"standard","meta":{"footnotes":""},"categories":[7,478,18,13,32],"tags":[162,168,86,423,307],"class_list":["post-3549","post","type-post","status-publish","format-standard","hentry","category-arquivo-de-noticias","category-coronavirus-e-direitos-dos-professores","category-destaque","category-home","category-inesul","tag-comunicado","tag-fgts","tag-inesul","tag-processo","tag-professores-da-inesul"],"_links":{"self":[{"href":"https:\/\/sinpes.org.br\/site\/wp-json\/wp\/v2\/posts\/3549","targetHints":{"allow":["GET"]}}],"collection":[{"href":"https:\/\/sinpes.org.br\/site\/wp-json\/wp\/v2\/posts"}],"about":[{"href":"https:\/\/sinpes.org.br\/site\/wp-json\/wp\/v2\/types\/post"}],"author":[{"embeddable":true,"href":"https:\/\/sinpes.org.br\/site\/wp-json\/wp\/v2\/users\/3"}],"replies":[{"embeddable":true,"href":"https:\/\/sinpes.org.br\/site\/wp-json\/wp\/v2\/comments?post=3549"}],"version-history":[{"count":1,"href":"https:\/\/sinpes.org.br\/site\/wp-json\/wp\/v2\/posts\/3549\/revisions"}],"predecessor-version":[{"id":3550,"href":"https:\/\/sinpes.org.br\/site\/wp-json\/wp\/v2\/posts\/3549\/revisions\/3550"}],"wp:attachment":[{"href":"https:\/\/sinpes.org.br\/site\/wp-json\/wp\/v2\/media?parent=3549"}],"wp:term":[{"taxonomy":"category","embeddable":true,"href":"https:\/\/sinpes.org.br\/site\/wp-json\/wp\/v2\/categories?post=3549"},{"taxonomy":"post_tag","embeddable":true,"href":"https:\/\/sinpes.org.br\/site\/wp-json\/wp\/v2\/tags?post=3549"}],"curies":[{"name":"wp","href":"https:\/\/api.w.org\/{rel}","templated":true}]}}