{"id":3544,"date":"2021-04-16T09:27:46","date_gmt":"2021-04-16T12:27:46","guid":{"rendered":"https:\/\/sinpes.org.br\/site\/?p=3544"},"modified":"2021-04-16T10:33:33","modified_gmt":"2021-04-16T13:33:33","slug":"sinpes-teme-pela-saude-de-professores-alunos-e-demais-trabalhadores-com-o-retorno-das-aulas-presenciais-em-instituicoes-de-ensino-superior","status":"publish","type":"post","link":"https:\/\/sinpes.org.br\/site\/sinpes-teme-pela-saude-de-professores-alunos-e-demais-trabalhadores-com-o-retorno-das-aulas-presenciais-em-instituicoes-de-ensino-superior\/","title":{"rendered":"Sinpes teme pela sa\u00fade de professores, alunos e demais trabalhadores com o retorno das aulas presenciais em institui\u00e7\u00f5es de ensino superior"},"content":{"rendered":"<p>O Sindicato dos Professores de Ensino Superior de Curitiba e Regi\u00e3o Metropolitana (Sinpes) foi alertado de que algumas institui\u00e7\u00f5es de ensino da capital come\u00e7aram a retomar as aulas presenciais. Docentes de cinco delas procuraram o Sinpes porque est\u00e3o sendo obrigados a voltar no momento em que a pandemia por Covid-19 bate recordes nos n\u00fameros de infectados e mortos pela doen\u00e7a e as UTIs encontram-se ocupadas em percentuais superiores a 90%.<br \/>\nProfessores e Professoras do Centro Universit\u00e1rio UniDomBosco, do Centro Universit\u00e1rio UniOpet, da Pontif\u00edcia Universidade Cat\u00f3lica do Paran\u00e1 (Puc-PR), da Unicesumar e da Universidade Positivo entraram em contato com o sindicato.<br \/>\nNo UniDombosco, como j\u00e1 denunciado pelo Sinpes em mar\u00e7o, as aulas pr\u00e1ticas dos cursos de Educa\u00e7\u00e3o F\u00edsica, Enfermagem, Fisioterapia, Odontologia e Psicologia retornaram ao modelo h\u00edbrido no dia 22\/03.<br \/>\nNa Unicesumar, as aulas do per\u00edodo matutino j\u00e1 teriam voltado e as dos outros turnos voltam em 19\/04.<br \/>\nNa Puc-PR, aos poucos as aulas presenciais t\u00eam sido retomadas. Segundo den\u00fancia encaminhada ao Sinpes, os cursos de Engenharias e Multicom \u2013 com aulas pr\u00e1ticas em Laborat\u00f3rios de Comunica\u00e7\u00e3o &#8211; j\u00e1 estariam no modelo h\u00edbrido.<br \/>\nProfessores da Universidade Positivo receberam circular noticiando que o retorno ocorrer\u00e1 no in\u00edcio do pr\u00f3prio semestre e as aulas no UniOpet regressam nos pr\u00f3ximos dias.<br \/>\nAlgumas dessas den\u00fancias v\u00eam inclusive acompanhadas de fotografias mostrando que, em alguns casos em que o retorno j\u00e1 aconteceu, existe a pr\u00e1tica de aglomera\u00e7\u00e3o e falta de utiliza\u00e7\u00e3o de m\u00e1scaras nos intervalos das aulas.<br \/>\nPara o Sinpes, obrigar professores, estudantes e auxiliares administrativos de institui\u00e7\u00f5es de ensino superior a voltar ao trabalho presencial, mesmo que no sistema h\u00edbrido e respeitando normas de seguran\u00e7a contra a Covid-19 (o que acaba n\u00e3o sendo fiscalizado na pr\u00e1tica) \u00e9 uma irresponsabilidade que pode colocar milhares de vidas em risco. Apenas com a vacina\u00e7\u00e3o de todos os protagonistas \u00e9 poss\u00edvel voltar \u00e0s aulas de forma segura.<br \/>\nAl\u00e9m disso, o Sindicato pondera que universidades em v\u00e1rios estados est\u00e3o voltando atr\u00e1s e postergando a volta \u00e0s salas de aula. No estado de S\u00e3o Paulo, por exemplo, as universidades p\u00fablicas e privadas decidiram, no dia 11 de mar\u00e7o, manter apenas o ensino remoto na maior parte dos cursos.<br \/>\nCuritiba e Regi\u00e3o Metropolitana contam com mais de 120 mil alunos de ensino superior segundo dados do Censo da Educa\u00e7\u00e3o Superior de 2018. Destes, cerca de 72% est\u00e3o no ensino privado. Essa volta certamente representar\u00e1 um agravamento no n\u00famero de casos e mortes por Covid-19 na capital paranaense e nas cidades de sua Regi\u00e3o Metropolitana.<br \/>\nDe acordo com dados da Secretaria de Estado da Sa\u00fade do Paran\u00e1 divulgados em mar\u00e7o, a m\u00e9dia de idade dos infectados, no estado, \u00e9 de 39 anos. A faixa et\u00e1ria com o maior n\u00famero de casos \u00e9 de 30 a 39 anos, seguida de 20 a 29 anos e de 40 a 49 anos. O Mapa do Ensino Superior no Brasil 2020 mostra que os estudantes das institui\u00e7\u00f5es de ensino superior brasileiras possuem entre 19 e 24 anos, encaixando-se na segunda faixa de maior faixa de infec\u00e7\u00e3o por Coronav\u00edrus (20 a 29 anos).<br \/>\nEm Curitiba e Regi\u00e3o Metropolitana atuam cerca de cinco mil docentes e em torno de dois mil auxiliares de administra\u00e7\u00e3o escolar que trabalham em institui\u00e7\u00f5es privadas. Destes, muitos pertencem a grupos de risco como revelou pesquisa feita pelo Sinpes no m\u00eas de fevereiro, quando 32,2% dos entrevistados declarou pertencer a estes grupos. Na mesma pesquisa, 81,9% responderam que s\u00e3o contra o retorno das aulas presenciais antes das vacinas chegarem aos professores.<br \/>\nProfessores e professoras est\u00e3o expostos diariamente nas salas de aulas. A infec\u00e7\u00e3o em sala de aula \u00e9 uma realidade preocupante. Estudo sobre casos de Covid-19 nas escolas estaduais paulistas, produzido pela Rede Escola P\u00fablica e Universidade (Repu), revela que a incid\u00eancia de covid-19 entre educadores foi quase tr\u00eas vezes maior do que na popula\u00e7\u00e3o estadual de mesma faixa et\u00e1ria (25 a 59 anos). O levantamento tamb\u00e9m demonstra que a taxa de crescimento de casos durante a chamada &#8220;segunda onda&#8221; tamb\u00e9m \u00e9 maior do que se supunha. Entre 7 de fevereiro e 6 de mar\u00e7o, per\u00edodo de volta \u00e0s aulas no Estado de S\u00e3o Paulo, o crescimento da incid\u00eancia de covid-19 entre professores foi de 138%, ante uma alta de 81% na popula\u00e7\u00e3o de 25 a 59 anos.<br \/>\nO Sinpes refor\u00e7a sua posi\u00e7\u00e3o contr\u00e1ria \u00e0 volta as aulas presenciais. \u201cAlertamos que as institui\u00e7\u00f5es de ensino superior ser\u00e3o responsabilizadas pelos preju\u00edzos que vierem a ser sofridos por professoras e professores em face da recalcitr\u00e2ncia patronal na esteira de jurisprud\u00eancia sedimentada pelo Supremo Tribunal Federal\u201d, destaca o presidente do sindicato, Valdyr Perrini.<\/p>\n<p><strong>O Sinpes entrou em contato com as institui\u00e7\u00f5es citadas na mat\u00e9ria. O UniDomBosco e o UniOpet responderam:<\/strong><\/p>\n<p><strong>UniBomBosco\u00a0<\/strong><\/p>\n<p><em>A IES cumpre de maneira fidedigna todas as determina\u00e7\u00f5es impostas pelos \u00f3rg\u00e3os\u00a0p\u00fablicos, bem como leis e regulamentos vigentes.<\/em><\/p>\n<p><em>A decis\u00e3o de retorno presencial seguiu os exatos termos previstos\u00a0no Decreto Estadual n\u00b0 7230\/2021, o qual alterou o Art. 8\u00b0 do Decreto n\u00b0 4230, que permite as aulas presenciais em conson\u00e2ncia com a Resolu\u00e7\u00f5es SESA n.\u00ba 98 e n.\u00ba 240, isto \u00e9, em at\u00e9 30% da capacidade, respeitados os distanciamentos e demais normas de seguran\u00e7a sanit\u00e1ria. N\u00e3o obstante, a IES utiliza-se de protocolos de sa\u00fade apreciados e acompanhados pela Secretaria de Sa\u00fade \u2013 SESA elaborados no ano de 2020 e crit\u00e9rios adotados que asseguraram as condi\u00e7\u00f5es de sa\u00fade e seguran\u00e7a da comunidade acad\u00eamica, em conson\u00e2ncia com o Comit\u00ea de Preven\u00e7\u00e3o de Crise do Centro Universit\u00e1rio UniDomBosco \u2013 Covid-19 para a retomada presencial das aulas, o que de fato \u00e9 cumprido rigorosamente pela Empresa.<\/em><\/p>\n<p><em><strong>Seguem os procedimentos, para conhecimento deste \u00d3rg\u00e3o de classe:<\/strong><\/em><\/p>\n<p><em>Estabelecimento do Comit\u00ea de Preven\u00e7\u00e3o de Risco &#8211; COVID-19;<\/em><\/p>\n<p><em>Estabelecimento de Plano de Retomada;<\/em><\/p>\n<p><em>Fornecimento de kit contendo 04 (quatro) m\u00e1scaras de tecido para colaboradores e docentes<\/em><\/p>\n<p><em>Fornecimento de escudo facial (face shield) para colaboradores e docentes<\/em><\/p>\n<p><em>Disponibiliza\u00e7\u00e3o atrav\u00e9s de v\u00e1rios Comunicados aos funcion\u00e1rios, uma Cartilha com diversas informa\u00e7\u00f5es sobre os cuidados necess\u00e1rios para o enfrentamento da pandemia<\/em><\/p>\n<p><em>Cria\u00e7\u00e3o do Manual de orienta\u00e7\u00f5es sobre atitudes preventivas no COVID-19 disponivel e encaminhado para comunidade acad\u00eamica<\/em><\/p>\n<p><em>Adequa\u00e7\u00e3o da infraestrutura e rotinas de higiene e limpeza, tais como: i) respeito e a supervis\u00e3o do distanciamento m\u00ednimo de 1,5m, havendo demarca\u00e7\u00e3o dos espa\u00e7os de atendimento ao p\u00fablico ou circula\u00e7\u00e3o de pessoas e ampliada para as salas de aula ap\u00f3s a possibilidade de retorno presencial das turmas dos cursos da sa\u00fade; ii) Todas as salas de aula e laborat\u00f3rios, j\u00e1 existentes, foram equipados com Recurso de Transmiss\u00e3o Simult\u00e2nea; iii) Disponibiliza\u00e7\u00e3o de reservat\u00f3rios (dispensers) de \u00e1lcool em gel 70% espalhados em diversos pontos do Centro Universit\u00e1rio UniDomBosco; iv) Rotina intensa e severa de limpeza das superf\u00edcies de contato; v) Prioriza\u00e7\u00e3o das reuni\u00f5es de modo online; vi) Respeito de limite de 04 (quatro) colaboradores em um mesmo ambiente e ou indica\u00e7\u00e3o de capacidade previstas em Decreto; vii) Orienta\u00e7\u00e3o e fiscaliza\u00e7\u00e3o para que em sala de aula a ventila\u00e7\u00e3o seja natural, priorizando a manuten\u00e7\u00e3o de portas e janelas abertas; viii) Rondas constantes de inspetores para fiscalizar e fazer cumprir todas as recomenda\u00e7\u00f5es; ix) Controle de temperatura<\/em><\/p>\n<p><em>Realiza\u00e7\u00e3o de pesquisas de op\u00e7\u00e3o de presencialidade a veteranos e calouros, com documento de aceite e com m\u00e9dia de 9 alunos por sala<\/em><\/p>\n<p><em>Aus\u00eancia do acad\u00eamico e professor de pertencer ao grupo risco<\/em><\/p>\n<p><em>Capacita\u00e7\u00e3o da Equipe<\/em><\/p>\n<p><em>Escolha Volunt\u00e1ria e ci\u00eancia do acad\u00eamico por meio do termo de responsabilidade (pesquisa)<\/em><\/p>\n<p><em>Mapeamento da capacidade f\u00edsica da sala de aula<\/em><\/p>\n<p><em>Concord\u00e2ncia com as recomenda\u00e7\u00f5es sanit\u00e1rias da SESA.<\/em><\/p>\n<p><em>Esta implementado um processo de acompanhamento e fiscaliza\u00e7\u00e3o di\u00e1rio de todos os ambientes do campus em diferentes turnos, conforme mencionado no item 7 da resposta 3. Faz parte deste processo a dupla checagem do gestor de cada \u00e1rea, como uma medida de preserva\u00e7\u00e3o das normas sanit\u00e1rias, de seguran\u00e7a no campus e de respeito a vida.<\/em><\/p>\n<p><em>At\u00e9 o presente momento n\u00e3o tivemos nenhum caso de cont\u00e1gio.<\/em><\/p>\n<p><strong>UniOpet:<\/strong><\/p>\n<p><em>CONFORME AUTORIZADO EXPRESSAMENTE PELA LEGISLA\u00c7\u00c3O EDUCACIONAL E SANIT\u00c1RIA VIGENTES, E EM ATEN\u00c7\u00c3O AOS ALUNOS QUE NECESSITAM DO RETORNO DAS ATIVIDADES PRESENCIAIS PARA O PROCESSO DE APRENDIZAGEM ADEQUADO, ALGUNS CURSOS E ALGUMAS ATIVIDADES PRESENCIAIS EST\u00c3O SENDO RETOMADAS, AINDA EM CAR\u00c1TER OPCIONAL AOS ALUNOS.<\/em><\/p>\n<p><em>ENTENDEMOS QUE A VACINA\u00c7\u00c3O \u00c9 FUNDAMENTAL E NECESS\u00c1RIA PARA O ENFRENTAMENTO DO COVID-19. \u00a0NOSSO CENTRO UNIVERSIT\u00c1RIO EST\u00c1 RESPEITANDO OS PROTOCOLOS DE SEGURAN\u00c7A INSTITU\u00cdDOS PELO PODER P\u00daBLICO, SEJA PELO MEC, MAS ESPECIALMENTE PELA RESOLU\u00c7\u00c3O 98 DA SECRETARIA DE ESTADO DA SA\u00daDE DO ESTADO DO PARAN\u00c1.<\/em><\/p>\n<p><em>FORAM ADOTADAS TODAS AS MEDIDAS E ADEQUA\u00c7\u00d5ES ORIENTADAS PELAS NORMAS SANIT\u00c1RIAS CONTIDAS NA RESOLU\u00c7\u00c3O 98 DA SECRETARIA DE ESTADO DA SA\u00daDE DO PARAN\u00c1, BEM COMO O TRABALHO ORIENTATIVO DE ALUNOS, PROFESSORES E DEMAIS INTEGRANTES DA COMUNIDADE ACAD\u00caMICA.<\/em><\/p>\n<p><em>DENTRE OS PROFISSIONAIS QUE EST\u00c3O ATUANDO PRESENCIALMENTE FOI REALIZADO TREINAMENTO DOS PROTOCOLOS DE SEGURAN\u00c7A E A FISCALIZA\u00c7\u00c3O \u00c9 REALIZADA DE ACORDO COM O QUE EST\u00c1 ESTABELECIDO NA LEGISLA\u00c7\u00c3O SANIT\u00c1RIA VIGENTE.<\/em><\/p>\n<p><em>A TESE DO STF EST\u00c1 PRESENTE EM TODA E QUALQUER DOEN\u00c7A ALEGADA COMO DO TRABALHO. H\u00c1 QUE SE APURAR O NEXO DE CAUSALIDADE, PARA ENT\u00c3O CONCLUIR SE \u00c9 DOEN\u00c7A OU DOEN\u00c7A DO TRABALHO. \u00a0<\/em><\/p>\n<!-- AddThis Advanced Settings generic via filter on the_content --><!-- AddThis Share Buttons generic via filter on the_content -->","protected":false},"excerpt":{"rendered":"<p>O Sindicato dos Professores de Ensino Superior de Curitiba e Regi\u00e3o Metropolitana (Sinpes) foi alertado de que algumas institui\u00e7\u00f5es de ensino da capital come\u00e7aram a retomar as aulas presenciais. Docentes de cinco delas procuraram o Sinpes porque est\u00e3o sendo obrigados a voltar no momento em que a pandemia por Covid-19 bate recordes nos n\u00fameros de [&hellip;]<!-- AddThis Advanced Settings generic via filter on wp_trim_excerpt --><!-- AddThis Share Buttons generic via filter on wp_trim_excerpt --><\/p>\n","protected":false},"author":3,"featured_media":0,"comment_status":"closed","ping_status":"open","sticky":false,"template":"","format":"standard","meta":{"footnotes":""},"categories":[7,478,18,13],"tags":[640,672,462,555,472,636,643,566],"class_list":["post-3544","post","type-post","status-publish","format-standard","hentry","category-arquivo-de-noticias","category-coronavirus-e-direitos-dos-professores","category-destaque","category-home","tag-aulas-presenciais","tag-contagio","tag-covid-19","tag-direito-dos-professores","tag-pandemia","tag-vacinacao","tag-vacinacao-de-professores","tag-volta-as-aulas"],"_links":{"self":[{"href":"https:\/\/sinpes.org.br\/site\/wp-json\/wp\/v2\/posts\/3544","targetHints":{"allow":["GET"]}}],"collection":[{"href":"https:\/\/sinpes.org.br\/site\/wp-json\/wp\/v2\/posts"}],"about":[{"href":"https:\/\/sinpes.org.br\/site\/wp-json\/wp\/v2\/types\/post"}],"author":[{"embeddable":true,"href":"https:\/\/sinpes.org.br\/site\/wp-json\/wp\/v2\/users\/3"}],"replies":[{"embeddable":true,"href":"https:\/\/sinpes.org.br\/site\/wp-json\/wp\/v2\/comments?post=3544"}],"version-history":[{"count":3,"href":"https:\/\/sinpes.org.br\/site\/wp-json\/wp\/v2\/posts\/3544\/revisions"}],"predecessor-version":[{"id":3547,"href":"https:\/\/sinpes.org.br\/site\/wp-json\/wp\/v2\/posts\/3544\/revisions\/3547"}],"wp:attachment":[{"href":"https:\/\/sinpes.org.br\/site\/wp-json\/wp\/v2\/media?parent=3544"}],"wp:term":[{"taxonomy":"category","embeddable":true,"href":"https:\/\/sinpes.org.br\/site\/wp-json\/wp\/v2\/categories?post=3544"},{"taxonomy":"post_tag","embeddable":true,"href":"https:\/\/sinpes.org.br\/site\/wp-json\/wp\/v2\/tags?post=3544"}],"curies":[{"name":"wp","href":"https:\/\/api.w.org\/{rel}","templated":true}]}}