{"id":3535,"date":"2021-04-14T13:47:07","date_gmt":"2021-04-14T16:47:07","guid":{"rendered":"https:\/\/sinpes.org.br\/site\/?p=3535"},"modified":"2021-04-14T13:47:29","modified_gmt":"2021-04-14T16:47:29","slug":"casa-de-ferreiro-espeto-de-pau-sinpes-denunciara-unicesumar-por-distribuicao-de-kit-covid","status":"publish","type":"post","link":"https:\/\/sinpes.org.br\/site\/casa-de-ferreiro-espeto-de-pau-sinpes-denunciara-unicesumar-por-distribuicao-de-kit-covid\/","title":{"rendered":"\u201cCasa de Ferreiro, Espeto de Pau\u201d: Sinpes denunciar\u00e1 Unicesumar por distribui\u00e7\u00e3o de \u201cKit Covid\u201d"},"content":{"rendered":"<p><strong>14\/04\/2021<\/strong><\/p>\n<p>O Sindicato dos Professores de Ensino Superior de Curitiba e Regi\u00e3o Metropolitana \u2013 SINPES, denunciar\u00e1 ao Minist\u00e9rio P\u00fablico e ao Minist\u00e9rio P\u00fablico do Trabalho, a iniciativa da Reitoria da UniCesumar de Maring\u00e1 em distribuir aos seus professores e professoras um \u201ckit\u201d composto por um frasco de polivitam\u00ednico, com 60 c\u00e1psulas e uma caixa do verm\u00edfugo ivermectina com quatro comprimidos, ou seja, o famoso e controverso \u201cKit Covid\u201d.<\/p>\n<p>De acordo com comunicado interno encaminhado a todos os professores do Campus de Maring\u00e1, o kit, que come\u00e7ou a ser distribu\u00eddo no \u00faltimo dia 07 e ser\u00e1 entregue aos que est\u00e3o trabalhando presencialmente.<\/p>\n<p>\u201cA entrega do kit por parte da Institui\u00e7\u00e3o n\u00e3o se caracteriza como recomenda\u00e7\u00e3o de uso, e sim, uma facilidade oferecida \u00e0queles que desejam. O uso com prop\u00f3sitos e dosagem diferentes daquele indicado na bula deve ser feito somente com orienta\u00e7\u00e3o de um m\u00e9dico de sua confian\u00e7a\u201d, ressalta o comunicado da Reitoria do campus da Unicesumar de Maring\u00e1, resguardando-se precariamente de eventuais provid\u00eancias judiciais e extrajudiciais contra a execr\u00e1vel iniciativa. Como \u00e9 consenso que at\u00e9 mesmo o uso com a dosagem indicada na bula pode ser prejudicial, o Sinpes entende que essa observa\u00e7\u00e3o n\u00e3o atenua a gravidade da conduta patronal.<\/p>\n<p>A UniCesumar, que oferta o curso de Medicina, publicou recentemente o estudo de duas graduandas que refuta a efic\u00e1cia do tratamento contra a Covid com rem\u00e9dios como ivermectina e<a href=\"https:\/\/www.metropoles.com\/tag\/cloroquina\">\u00a0hidroxicloroquina<\/a>. O artigo foi publicado pelas estudantes Heloisa Picolotto Oliveira e Stephany Paola de Souza em outubro de 2020: \u201cApesar dos esfor\u00e7os aplicados em todo o mundo \u00e0 procura de uma droga terap\u00eautica contra o SARS-CoV-2, at\u00e9 o momento nenhum tratamento eficaz e seguro foi descoberto. Vale ressaltar que, apesar do recente surgimento da doen\u00e7a, sua r\u00e1pida dissemina\u00e7\u00e3o, cont\u00e1gio e mortalidade a torna preocupante\u201d, destaca trecho do documento.<\/p>\n<p>Segundo a Associa\u00e7\u00e3o M\u00e9dica Brasileira (AMB), os medicamentos do Kit Covid n\u00e3o t\u00eam efic\u00e1cia contra a doen\u00e7a. \u201cReafirmamos que, infelizmente, medica\u00e7\u00f5es como hidroxicloroquina\/cloroquina, ivermectina, nitazoxanida, azitromicina e colchicina, entre outras drogas, n\u00e3o possuem efic\u00e1cia cient\u00edfica comprovada de benef\u00edcio no tratamento ou preven\u00e7\u00e3o da covid-19, quer seja na preven\u00e7\u00e3o, na fase inicial ou nas fases avan\u00e7adas dessa doen\u00e7a, sendo que, portanto, a utiliza\u00e7\u00e3o desses f\u00e1rmacos deve ser banida\u201d, diz texto do boletim do Comit\u00ea Extraordin\u00e1rio de Monitoramento da Covid-19, assinado por 54 sociedades cient\u00edficas das mais diferentes especialidades e as 27 associa\u00e7\u00f5es m\u00e9dicas estaduais.<\/p>\n<p>Defendido pelo presidente Jair Bolsonaro como estrat\u00e9gia de combate ao coronav\u00edrus, o chamado \u201ckit covid\u201d ou \u201ctratamento precoce\u201d, na verdade, contribui para aumentar o n\u00famero de mortes de pacientes graves, disseram \u00e0 BBC News Brasil diretores de Unidades de Terapia Intensiva (UTIs) de hospitais de refer\u00eancia.<\/p>\n<p>Movimentos em prol do \u201ctratamento precoce\u201d t\u00eam ganhado for\u00e7a principalmente nos \u00faltimos meses. Em meados de mar\u00e7o, um grupo chamado \u201cM\u00e9dicos pela Vida\u201d, que cont\u00e9m profissionais de diferentes especialidades e promove a procura pelo tratamento precoce, espalhou outdoors incentivando esse tratamento em dez bairros de Curitiba. \u00a0Prefeitura Municipal e Minist\u00e9rio P\u00fablico ordenaram que as pe\u00e7as publicit\u00e1rias fossem retiradas.<\/p>\n<p>No mesmo m\u00eas, a capital ganhou uma iniciativa chamada \u201cSociedade Contra a Covid\u201d que \u00e9 promovida pelo Programa de Voluntariado Paranaense (Provopar) e tem, destacado em um de seus materiais de divulga\u00e7\u00e3o a entrega de \u201ckits de tratamento precoce de forma gratuita\u201d. Tal iniciativa preocupou inclusive a Associa\u00e7\u00e3o Brasileira de Juristas pela Democracia (ABJD) que enviou uma \u201cNot\u00edcia de Fato\u201d ao Minist\u00e9rio P\u00fablico Paranaense. Na den\u00fancia, a ABJD destaca a falta de comprova\u00e7\u00e3o cient\u00edfica dos medicamentos que comp\u00f5em o kit contra a Covid e tamb\u00e9m os riscos de efeitos colaterais causados por eles na sa\u00fade dos pacientes.<\/p>\n<p>Quem, infelizmente conheceu de perto os efeitos colaterais de medicamentos como cloroquina e ivermectina, foi Luiz Ant\u00f4nio Leprevost, vice-presidente da Associa\u00e7\u00e3o Comercial do Paran\u00e1 e pai do deputado Ney Leprevost (PSD) e do vereador Alexandre Leprevost (SD). Luiz faleceu no dia 09\/04 por complica\u00e7\u00f5es da Covid-19. Ele tratava uma hepatite medicamentosa, contra\u00edda possivelmente ap\u00f3s o uso de medicamentos sem efic\u00e1cia para a covid-19, o chamado\u00a0<a href=\"http:\/\/paragrafo2.com.br\/2021\/03\/24\/curitiba-ganha-ambulatorio-medico-para-consultas-gratuitas-e-distribuicao-de-kit-covid\/\">\u201ckit covid\u201d<\/a>, segundo esclarecimentos prestados pelos seus familiares.<\/p>\n<p>Diante da gravidade da atitude da Unicesumar, o Sinpes denunciar\u00e1 essa conduta perante o Minist\u00e9rio P\u00fablico e o Minist\u00e9rio P\u00fablico do Trabalho com o objetivo de buscar uma retrata\u00e7\u00e3o dessa institui\u00e7\u00e3o de ensino superior em rela\u00e7\u00e3o aos empregados que j\u00e1 receberam o material, bem como evitar que o mesmo seja encaminhado a professores e auxiliares de administra\u00e7\u00e3o escolar de Curitiba, local em que a mesma atua. Afinal, a distribui\u00e7\u00e3o de rem\u00e9dios sem comprova\u00e7\u00e3o cient\u00edfica coloca em risco a sa\u00fade dos docentes e demais empregados assim como d\u00e1 de ombros para a ci\u00eancia e para a produ\u00e7\u00e3o cient\u00edfica de seus pr\u00f3prios acad\u00eamicos.<\/p>\n<p><em>O Sinpes entrou em contato com a Assessoria de Imprensa da Unicesumar para pedir uma posi\u00e7\u00e3o da universidade diante dos fatos trazidos neste texto. N\u00e3o recebemos resposta.<\/em><\/p>\n<!-- AddThis Advanced Settings generic via filter on the_content --><!-- AddThis Share Buttons generic via filter on the_content -->","protected":false},"excerpt":{"rendered":"<p>14\/04\/2021 O Sindicato dos Professores de Ensino Superior de Curitiba e Regi\u00e3o Metropolitana \u2013 SINPES, denunciar\u00e1 ao Minist\u00e9rio P\u00fablico e ao Minist\u00e9rio P\u00fablico do Trabalho, a iniciativa da Reitoria da UniCesumar de Maring\u00e1 em distribuir aos seus professores e professoras um \u201ckit\u201d composto por um frasco de polivitam\u00ednico, com 60 c\u00e1psulas e uma caixa do [&hellip;]<!-- AddThis Advanced Settings generic via filter on wp_trim_excerpt --><!-- AddThis Share Buttons generic via filter on wp_trim_excerpt --><\/p>\n","protected":false},"author":3,"featured_media":0,"comment_status":"closed","ping_status":"open","sticky":false,"template":"","format":"standard","meta":{"footnotes":""},"categories":[7,478,18,13],"tags":[462,413,668,670,472,667,669,468],"class_list":["post-3535","post","type-post","status-publish","format-standard","hentry","category-arquivo-de-noticias","category-coronavirus-e-direitos-dos-professores","category-destaque","category-home","tag-covid-19","tag-denuncia","tag-kit-covid","tag-ministerio-publico","tag-pandemia","tag-professores-unicesumar","tag-tratamento-precoce","tag-unicesumar"],"_links":{"self":[{"href":"https:\/\/sinpes.org.br\/site\/wp-json\/wp\/v2\/posts\/3535","targetHints":{"allow":["GET"]}}],"collection":[{"href":"https:\/\/sinpes.org.br\/site\/wp-json\/wp\/v2\/posts"}],"about":[{"href":"https:\/\/sinpes.org.br\/site\/wp-json\/wp\/v2\/types\/post"}],"author":[{"embeddable":true,"href":"https:\/\/sinpes.org.br\/site\/wp-json\/wp\/v2\/users\/3"}],"replies":[{"embeddable":true,"href":"https:\/\/sinpes.org.br\/site\/wp-json\/wp\/v2\/comments?post=3535"}],"version-history":[{"count":2,"href":"https:\/\/sinpes.org.br\/site\/wp-json\/wp\/v2\/posts\/3535\/revisions"}],"predecessor-version":[{"id":3537,"href":"https:\/\/sinpes.org.br\/site\/wp-json\/wp\/v2\/posts\/3535\/revisions\/3537"}],"wp:attachment":[{"href":"https:\/\/sinpes.org.br\/site\/wp-json\/wp\/v2\/media?parent=3535"}],"wp:term":[{"taxonomy":"category","embeddable":true,"href":"https:\/\/sinpes.org.br\/site\/wp-json\/wp\/v2\/categories?post=3535"},{"taxonomy":"post_tag","embeddable":true,"href":"https:\/\/sinpes.org.br\/site\/wp-json\/wp\/v2\/tags?post=3535"}],"curies":[{"name":"wp","href":"https:\/\/api.w.org\/{rel}","templated":true}]}}