{"id":3528,"date":"2021-04-07T11:37:01","date_gmt":"2021-04-07T14:37:01","guid":{"rendered":"https:\/\/sinpes.org.br\/site\/?p=3528"},"modified":"2021-04-07T11:37:01","modified_gmt":"2021-04-07T14:37:01","slug":"sinpes-e-uniandrade-se-reunirao-mais-uma-vez-no-mpt","status":"publish","type":"post","link":"https:\/\/sinpes.org.br\/site\/sinpes-e-uniandrade-se-reunirao-mais-uma-vez-no-mpt\/","title":{"rendered":"Sinpes e Uniandrade se reunir\u00e3o mais uma vez no MPT"},"content":{"rendered":"<p><strong>07\/04\/2021<\/strong><\/p>\n<p>Na pr\u00f3xima quinta-feira (08) \u00e0s 10h, o Sindicato dos Professores do Ensino Superior Privado de Curitiba e Regi\u00e3o Metropolitana \u2013 SINPES reunir-se-\u00e1 com representantes da Uniandrade no Minist\u00e9rio P\u00fablico do Trabalho (MPT).<\/p>\n<p>Sindicato e universidade j\u00e1 haviam participado de audi\u00eancia de media\u00e7\u00e3o no MPT no dia 02\/03. O sindicato solicitou a media\u00e7\u00e3o depois da den\u00fancia encaminhada por professores de que essa institui\u00e7\u00e3o de ensino superior teria cortado 1\/3 dos sal\u00e1rios e promovido a redu\u00e7\u00e3o linear da carga hor\u00e1ria das disciplinas lecionadas, bem como redu\u00e7\u00e3o nominal do valor da hora-aula.<\/p>\n<p>Na audi\u00eancia, o Sinpes ratificou a den\u00fancia ao Minist\u00e9rio P\u00fablico. O advogado da Uniandrade alegou desconhecimento do termo, bem como do fato de que a institui\u00e7\u00e3o estaria pressionando os professores a assinarem redu\u00e7\u00e3o de carga hor\u00e1ria que consequentemente reduz os sal\u00e1rios. O representante da Uniandrade destacou que iria se inteirar sobre os fatos e responderia o MPT no prazo estabelecido de cinco dias \u00fateis.<\/p>\n<p>Em manifesta\u00e7\u00e3o protocolada no dia 08.03.2020, a Uniandrade negou a redu\u00e7\u00e3o nominal e linear de carga hor\u00e1ria, limitando-se a reconhecer redu\u00e7\u00f5es pontuais de carga hor\u00e1ria que estariam sendo feitas em conson\u00e2ncia com o determinado pela conven\u00e7\u00e3o coletiva de trabalho vigente.<\/p>\n<p>Diante da postura patronal, \u00e9 poss\u00edvel que a media\u00e7\u00e3o pretendida n\u00e3o surta qualquer efeito e o Sinpes tenha que ajuizar a\u00e7\u00e3o civil p\u00fablica voltada para coibir as irregularidades perpetradas. Para isso convoca os professores para encaminharem ao SINPES documentos que comprovem as ilicitudes perpetradas que possam ser anexados em a\u00e7\u00e3o judicial, para subsidiar a\u00e7\u00e3o que dever\u00e1 ser ajuizada.<\/p>\n<p>&nbsp;<\/p>\n<!-- AddThis Advanced Settings generic via filter on the_content --><!-- AddThis Share Buttons generic via filter on the_content -->","protected":false},"excerpt":{"rendered":"<p>07\/04\/2021 Na pr\u00f3xima quinta-feira (08) \u00e0s 10h, o Sindicato dos Professores do Ensino Superior Privado de Curitiba e Regi\u00e3o Metropolitana \u2013 SINPES reunir-se-\u00e1 com representantes da Uniandrade no Minist\u00e9rio P\u00fablico do Trabalho (MPT). Sindicato e universidade j\u00e1 haviam participado de audi\u00eancia de media\u00e7\u00e3o no MPT no dia 02\/03. O sindicato solicitou a media\u00e7\u00e3o depois da [&hellip;]<!-- AddThis Advanced Settings generic via filter on wp_trim_excerpt --><!-- AddThis Share Buttons generic via filter on wp_trim_excerpt --><\/p>\n","protected":false},"author":3,"featured_media":0,"comment_status":"closed","ping_status":"open","sticky":false,"template":"","format":"standard","meta":{"footnotes":""},"categories":[7,478,18,13,17],"tags":[652,519,645,476,628],"class_list":["post-3528","post","type-post","status-publish","format-standard","hentry","category-arquivo-de-noticias","category-coronavirus-e-direitos-dos-professores","category-destaque","category-home","category-uniandrade","tag-audiencia-uniandrade","tag-mpt","tag-professores-da-uniandrade","tag-reducao-de-salarios","tag-uniandrade"],"_links":{"self":[{"href":"https:\/\/sinpes.org.br\/site\/wp-json\/wp\/v2\/posts\/3528","targetHints":{"allow":["GET"]}}],"collection":[{"href":"https:\/\/sinpes.org.br\/site\/wp-json\/wp\/v2\/posts"}],"about":[{"href":"https:\/\/sinpes.org.br\/site\/wp-json\/wp\/v2\/types\/post"}],"author":[{"embeddable":true,"href":"https:\/\/sinpes.org.br\/site\/wp-json\/wp\/v2\/users\/3"}],"replies":[{"embeddable":true,"href":"https:\/\/sinpes.org.br\/site\/wp-json\/wp\/v2\/comments?post=3528"}],"version-history":[{"count":1,"href":"https:\/\/sinpes.org.br\/site\/wp-json\/wp\/v2\/posts\/3528\/revisions"}],"predecessor-version":[{"id":3529,"href":"https:\/\/sinpes.org.br\/site\/wp-json\/wp\/v2\/posts\/3528\/revisions\/3529"}],"wp:attachment":[{"href":"https:\/\/sinpes.org.br\/site\/wp-json\/wp\/v2\/media?parent=3528"}],"wp:term":[{"taxonomy":"category","embeddable":true,"href":"https:\/\/sinpes.org.br\/site\/wp-json\/wp\/v2\/categories?post=3528"},{"taxonomy":"post_tag","embeddable":true,"href":"https:\/\/sinpes.org.br\/site\/wp-json\/wp\/v2\/tags?post=3528"}],"curies":[{"name":"wp","href":"https:\/\/api.w.org\/{rel}","templated":true}]}}