{"id":3525,"date":"2021-03-31T15:55:57","date_gmt":"2021-03-31T18:55:57","guid":{"rendered":"https:\/\/sinpes.org.br\/site\/?p=3525"},"modified":"2021-03-31T15:55:57","modified_gmt":"2021-03-31T18:55:57","slug":"ditadura-nunca-mais","status":"publish","type":"post","link":"https:\/\/sinpes.org.br\/site\/ditadura-nunca-mais\/","title":{"rendered":"Ditadura Nunca Mais"},"content":{"rendered":"<p>H\u00e1 57 anos instaurava-se no Brasil o golpe c\u00edvico-militar. Entre a noite do dia 31 de mar\u00e7o e a madrugada de 1\u00ba de abril de 1964 a interven\u00e7\u00e3o das For\u00e7as Armadas encerrou o governo do presidente Jo\u00e3o Goulart, democraticamente eleito. Iniciava-se um per\u00edodo que condenou milhares de brasileiros ao sil\u00eancio, ao ex\u00edlio, \u00e0 tortura, \u00e0 morte e ao desaparecimento.<br \/>\nMais de meio s\u00e9culo depois o pa\u00eds ainda vive sob a sombra de aventuras autorit\u00e1rias. No dia 30\/03\/2021, um dia depois da demiss\u00e3o do general Fernando Azevedo e Silva, da chefia do Minist\u00e9rio da Defesa, os comandantes Edson Leal Pujol (Ex\u00e9rcito), Ilques Barbosa (Marinha) e Ant\u00f4nio Carlos Bermudez (Aeron\u00e1utica) entregaram seus cargos, em protesto contra o plano do Presidente da Rep\u00fablica, Jair Bolsonaro, de instrumentalizar as For\u00e7as Armadas para fins pol\u00edticos.<br \/>\nNomeado para o Minist\u00e9rio da Defesa, o General Braga Neto divulgou nota na qual afirma que o Golpe de 1964 \u201cdeve ser compreendido e celebrado\u201d<br \/>\nGolpes n\u00e3o devem ser celebrados. Ditadores e torturadores devem permanecer na lata de lixo da hist\u00f3ria. O Brasil precisa fortalecer a democracia. Ditadura nunca mais!<\/p>\n<!-- AddThis Advanced Settings generic via filter on the_content --><!-- AddThis Share Buttons generic via filter on the_content -->","protected":false},"excerpt":{"rendered":"<p>H\u00e1 57 anos instaurava-se no Brasil o golpe c\u00edvico-militar. Entre a noite do dia 31 de mar\u00e7o e a madrugada de 1\u00ba de abril de 1964 a interven\u00e7\u00e3o das For\u00e7as Armadas encerrou o governo do presidente Jo\u00e3o Goulart, democraticamente eleito. Iniciava-se um per\u00edodo que condenou milhares de brasileiros ao sil\u00eancio, ao ex\u00edlio, \u00e0 tortura, \u00e0 [&hellip;]<!-- AddThis Advanced Settings generic via filter on wp_trim_excerpt --><!-- AddThis Share Buttons generic via filter on wp_trim_excerpt --><\/p>\n","protected":false},"author":3,"featured_media":0,"comment_status":"closed","ping_status":"open","sticky":false,"template":"","format":"standard","meta":{"footnotes":""},"categories":[7,18],"tags":[665,664,662,455,663],"class_list":["post-3525","post","type-post","status-publish","format-standard","hentry","category-arquivo-de-noticias","category-destaque","tag-665","tag-bolsonaro","tag-ditadura-militar","tag-nota","tag-regime-militar"],"_links":{"self":[{"href":"https:\/\/sinpes.org.br\/site\/wp-json\/wp\/v2\/posts\/3525","targetHints":{"allow":["GET"]}}],"collection":[{"href":"https:\/\/sinpes.org.br\/site\/wp-json\/wp\/v2\/posts"}],"about":[{"href":"https:\/\/sinpes.org.br\/site\/wp-json\/wp\/v2\/types\/post"}],"author":[{"embeddable":true,"href":"https:\/\/sinpes.org.br\/site\/wp-json\/wp\/v2\/users\/3"}],"replies":[{"embeddable":true,"href":"https:\/\/sinpes.org.br\/site\/wp-json\/wp\/v2\/comments?post=3525"}],"version-history":[{"count":1,"href":"https:\/\/sinpes.org.br\/site\/wp-json\/wp\/v2\/posts\/3525\/revisions"}],"predecessor-version":[{"id":3526,"href":"https:\/\/sinpes.org.br\/site\/wp-json\/wp\/v2\/posts\/3525\/revisions\/3526"}],"wp:attachment":[{"href":"https:\/\/sinpes.org.br\/site\/wp-json\/wp\/v2\/media?parent=3525"}],"wp:term":[{"taxonomy":"category","embeddable":true,"href":"https:\/\/sinpes.org.br\/site\/wp-json\/wp\/v2\/categories?post=3525"},{"taxonomy":"post_tag","embeddable":true,"href":"https:\/\/sinpes.org.br\/site\/wp-json\/wp\/v2\/tags?post=3525"}],"curies":[{"name":"wp","href":"https:\/\/api.w.org\/{rel}","templated":true}]}}