{"id":3499,"date":"2021-03-12T14:32:20","date_gmt":"2021-03-12T17:32:20","guid":{"rendered":"https:\/\/sinpes.org.br\/site\/?p=3499"},"modified":"2021-03-12T14:56:15","modified_gmt":"2021-03-12T17:56:15","slug":"sinpes-denuncia-aulas-presenciais","status":"publish","type":"post","link":"https:\/\/sinpes.org.br\/site\/sinpes-denuncia-aulas-presenciais\/","title":{"rendered":"Sinpes Denuncia Aulas Presenciais"},"content":{"rendered":"<p style=\"text-align: justify;\">O Governo do Estado suspendeu as aulas presenciais na rede p\u00fablica a partir do dia 12 de mar\u00e7o, mas e a rede privada?<\/p>\n<p style=\"text-align: justify;\">O Sinpes tem denunciado as aulas presenciais em raz\u00e3o dos fatores epidemiol\u00f3gicos catastr\u00f3ficos que o sistema de sa\u00fade se encontra.<!--more--><\/p>\n<p style=\"text-align: justify;\">A lentid\u00e3o na vacina\u00e7\u00e3o e compra de vacinas, a nega\u00e7\u00e3o do perigo e riscos da pandemia, o desprezo oficial ao uso de m\u00e1scaras e das medidas de isolamento, fortaleceram as novas cepas da pandemia no Brasil.<\/p>\n<p style=\"text-align: justify;\">As aulas presenciais s\u00e3o uma tentativa negacionista da pandemia e exp\u00f5e aos riscos os docentes, funcion\u00e1rios, alunado e familiares de todo o entorno.<\/p>\n<p style=\"text-align: justify;\">N\u00e3o podemos jogar dados com as vidas dos profissionais da educa\u00e7\u00e3o da rede privada do ensino superior de Curitiba e regi\u00e3o metropolitana.<\/p>\n<p style=\"text-align: justify;\">O Sinpes j\u00e1 recebeu den\u00fancias de professores que n\u00e3o podem sequer usar os banheiros pela aus\u00eancia de higiene no estabelecimento, n\u00e3o podem fazer intervalo e sequer podem tomar \u00e1gua durante as aulas, pelo uso das m\u00e1scaras.<\/p>\n<p style=\"text-align: justify;\">Nesse momento cr\u00edtico e catastr\u00f3fico da pandemia n\u00e3o podemos ter aulas presenciais, os riscos s\u00e3o enormes.<\/p>\n<p style=\"text-align: justify;\">N\u00e3o para as aulas presenciais, sim a preserva\u00e7\u00e3o das vidas.<\/p>\n<!-- AddThis Advanced Settings generic via filter on the_content --><!-- AddThis Share Buttons generic via filter on the_content -->","protected":false},"excerpt":{"rendered":"<p>O Governo do Estado suspendeu as aulas presenciais na rede p\u00fablica a partir do dia 12 de mar\u00e7o, mas e a rede privada? O Sinpes tem denunciado as aulas presenciais em raz\u00e3o dos fatores epidemiol\u00f3gicos catastr\u00f3ficos que o sistema de sa\u00fade se encontra.<!-- AddThis Advanced Settings generic via filter on wp_trim_excerpt --><!-- AddThis Share Buttons generic via filter on wp_trim_excerpt --><\/p>\n","protected":false},"author":2,"featured_media":3503,"comment_status":"closed","ping_status":"open","sticky":false,"template":"","format":"standard","meta":{"footnotes":""},"categories":[7,478,18,13],"tags":[640,656,657,566],"class_list":["post-3499","post","type-post","status-publish","format-standard","has-post-thumbnail","hentry","category-arquivo-de-noticias","category-coronavirus-e-direitos-dos-professores","category-destaque","category-home","tag-aulas-presenciais","tag-governo-do-estado","tag-profissionais-da-educacao","tag-volta-as-aulas"],"_links":{"self":[{"href":"https:\/\/sinpes.org.br\/site\/wp-json\/wp\/v2\/posts\/3499","targetHints":{"allow":["GET"]}}],"collection":[{"href":"https:\/\/sinpes.org.br\/site\/wp-json\/wp\/v2\/posts"}],"about":[{"href":"https:\/\/sinpes.org.br\/site\/wp-json\/wp\/v2\/types\/post"}],"author":[{"embeddable":true,"href":"https:\/\/sinpes.org.br\/site\/wp-json\/wp\/v2\/users\/2"}],"replies":[{"embeddable":true,"href":"https:\/\/sinpes.org.br\/site\/wp-json\/wp\/v2\/comments?post=3499"}],"version-history":[{"count":5,"href":"https:\/\/sinpes.org.br\/site\/wp-json\/wp\/v2\/posts\/3499\/revisions"}],"predecessor-version":[{"id":3508,"href":"https:\/\/sinpes.org.br\/site\/wp-json\/wp\/v2\/posts\/3499\/revisions\/3508"}],"wp:featuredmedia":[{"embeddable":true,"href":"https:\/\/sinpes.org.br\/site\/wp-json\/wp\/v2\/media\/3503"}],"wp:attachment":[{"href":"https:\/\/sinpes.org.br\/site\/wp-json\/wp\/v2\/media?parent=3499"}],"wp:term":[{"taxonomy":"category","embeddable":true,"href":"https:\/\/sinpes.org.br\/site\/wp-json\/wp\/v2\/categories?post=3499"},{"taxonomy":"post_tag","embeddable":true,"href":"https:\/\/sinpes.org.br\/site\/wp-json\/wp\/v2\/tags?post=3499"}],"curies":[{"name":"wp","href":"https:\/\/api.w.org\/{rel}","templated":true}]}}