{"id":3492,"date":"2021-03-09T10:55:46","date_gmt":"2021-03-09T13:55:46","guid":{"rendered":"https:\/\/sinpes.org.br\/site\/?p=3492"},"modified":"2022-04-12T14:12:45","modified_gmt":"2022-04-12T17:12:45","slug":"para-quem-trabalha-na-positivo-ha-duas-certezas-uma-e-que-um-dia-vai-morrer-e-a-outra-e-que-um-dia-vai-ser-demitido-diz-docente","status":"publish","type":"post","link":"https:\/\/sinpes.org.br\/site\/para-quem-trabalha-na-positivo-ha-duas-certezas-uma-e-que-um-dia-vai-morrer-e-a-outra-e-que-um-dia-vai-ser-demitido-diz-docente\/","title":{"rendered":"\u201cPara quem trabalha na Positivo h\u00e1 duas certezas: Uma \u00e9 que um dia vai morrer e a outra \u00e9 que um dia vai ser demitido\u201d, diz docente"},"content":{"rendered":"<p><strong>09\/03\/2021<\/strong><\/p>\n<p>A Universidade Positivo demitiu, na manh\u00e3 do dia 01\/03, tr\u00eas docentes do curso de Pedagogia. As informa\u00e7\u00f5es s\u00e3o do professor Luciano Blasius que foi um dos desligados na manh\u00e3 do primeiro dia letivo de 2021. Ele foi despedido apenas 15 minutos antes da aula inaugural do curso. \u201cFizeram uma reuni\u00e3o comigo \u00e0s 8h45, apenas 15 minutos antes da aula inaugural. Depois de todo o planejamento do semestre, de definir todo o calend\u00e1rio de aulas e provas fui desligado\u201d, contou.<\/p>\n<p>Al\u00e9m de Blasius, foram demitidas mais duas professoras, ambas desligadas em reuni\u00f5es que se deram a cada 15 minutos, a primeira \u00e0s 8h15 e a segunda \u00e0s 8h30. Segundo o professor Luciano, agora sete professores integram o curso de Pedagogia da UP, destes apenas tr\u00eas s\u00e3o pedagogos. Os demitidos no dia 01\/03 eram os \u00fanicos p\u00f3s-doutores em Pedagogia na Positivo. \u201cFicaram outros profissionais qualificados, mas com mestrado e doutorado em outras \u00e1reas. Al\u00e9m disso, eu lecionava tamb\u00e9m no curso de Educa\u00e7\u00e3o F\u00edsica e a coordena\u00e7\u00e3o de l\u00e1 tamb\u00e9m n\u00e3o sabia da minha demiss\u00e3o\u201d, revela o docente.<\/p>\n<p>Luciano Blasius lecionou na Universidade Positivo durante quatro anos. Como os outros docentes presenciou de perto os preju\u00edzos trazidos pela Cruzeiro do Sul Educacional que \u00e9 dona da UP desde o final de 2019. Blasius resume bem o que \u00e9 ser professor hoje na institui\u00e7\u00e3o comandada pelo grupo paulista \u201cpara quem trabalha na Positivo h\u00e1 duas certezas: Uma \u00e9 que um dia vamos morrer e a outra \u00e9 que um dia seremos demitidos\u201d.<\/p>\n<p><strong>Desmonte<\/strong><\/p>\n<p>No dia 16 de julho de 2020 a Universidade Positivo promoveu, por meio de reuni\u00f5es que aconteceram de 10 em 10 minutos, a demiss\u00f5es de centenas de professores e professoras. Na \u00e9poca, os desligamentos se deram nos cursos de Biologia, Design, Direito, Educa\u00e7\u00e3o F\u00edsica, Engenharia, Publicidade e Propaganda, Psicologia, Medicina e Rela\u00e7\u00f5es Internacionais. Na ocasi\u00e3o, perderam emprego docentes tanto de cursos presenciais quanto de EAD. Al\u00e9m disso, a UP fechou ao menos sete cursos presenciais.<\/p>\n<p>Depois das demiss\u00f5es, os estudantes da universidade se mobilizaram pedindo um basta no sucateamento da qualidade do ensino oferecido pela UP. Ao mesmo tempo, o Sinpes realizou reuni\u00f5es e assembleias com professores na tentativa de formular uma proposta de acordo compensat\u00f3rio a ser encaminhada para os representantes da Positivo. Depois de muitas negocia\u00e7\u00f5es, e diante da contraproposta apresentada pela UP, os docentes aprovaram, por meio de vota\u00e7\u00e3o, a abertura de uma A\u00e7\u00e3o Trabalhista Coletiva.<\/p>\n<p>Em 11\/12\/2020 mais uma vez a Positivo demitiu professores.\u00a0 Segundo informa\u00e7\u00f5es encaminhadas ao sindicato, na ocasi\u00e3o perderam o emprego quatro docentes de Ci\u00eancias Cont\u00e1beis, quatro de Direito, quatro de Engenharia da Computa\u00e7\u00e3o, um de Fotografia, quatro de Engenharia de Produ\u00e7\u00e3o, um do curso de Jornalismo, um de Rela\u00e7\u00f5es Internacionais, cinco de Psicologia, dois de Publicidade e Propaganda e dois de Medicina.<\/p>\n<p>Comprada pela Cruzeiro do Sul Educacional em dezembro de 2019, quando \u00e0 \u00e9poca tinha cerca de 1.600 empregados e 33 mil alunos, a Universidade Positivo projeta hoje a sombra da mercantiliza\u00e7\u00e3o do ensino promovida por grandes conglomerados educacionais. As mudan\u00e7as, aos poucos implementadas na universidade pelo grupo, que hoje \u00e9 o quinto maior da educa\u00e7\u00e3o privada no pa\u00eds, t\u00eam se refletido em constantes demiss\u00f5es, em redu\u00e7\u00e3o de carga hor\u00e1ria de professores e no fortalecimento da modalidade de Ensino a Dist\u00e2ncia.<\/p>\n<p>O Sinpes entrou em contato com a Universidade Positivo pedindo uma nota de esclarecimento sobre os fatos trazidos nesta mat\u00e9ria. Mas n\u00e3o recebeu resposta.<\/p>\n<!-- AddThis Advanced Settings generic via filter on the_content --><!-- AddThis Share Buttons generic via filter on the_content -->","protected":false},"excerpt":{"rendered":"<p>09\/03\/2021 A Universidade Positivo demitiu, na manh\u00e3 do dia 01\/03, tr\u00eas docentes do curso de Pedagogia. As informa\u00e7\u00f5es s\u00e3o do professor Luciano Blasius que foi um dos desligados na manh\u00e3 do primeiro dia letivo de 2021. Ele foi despedido apenas 15 minutos antes da aula inaugural do curso. \u201cFizeram uma reuni\u00e3o comigo \u00e0s 8h45, apenas [&hellip;]<!-- AddThis Advanced Settings generic via filter on wp_trim_excerpt --><!-- AddThis Share Buttons generic via filter on wp_trim_excerpt --><\/p>\n","protected":false},"author":3,"featured_media":0,"comment_status":"closed","ping_status":"open","sticky":false,"template":"","format":"standard","meta":{"footnotes":""},"categories":[7,478,13,175],"tags":[540,557,128,536,588],"class_list":["post-3492","post","type-post","status-publish","format-standard","hentry","category-arquivo-de-noticias","category-coronavirus-e-direitos-dos-professores","category-home","category-positivo","tag-cruzeiro-do-sul","tag-demissoes-na-positivo","tag-positivo","tag-professores-da-positivo","tag-professores-e-professoras-da-positivo"],"_links":{"self":[{"href":"https:\/\/sinpes.org.br\/site\/wp-json\/wp\/v2\/posts\/3492","targetHints":{"allow":["GET"]}}],"collection":[{"href":"https:\/\/sinpes.org.br\/site\/wp-json\/wp\/v2\/posts"}],"about":[{"href":"https:\/\/sinpes.org.br\/site\/wp-json\/wp\/v2\/types\/post"}],"author":[{"embeddable":true,"href":"https:\/\/sinpes.org.br\/site\/wp-json\/wp\/v2\/users\/3"}],"replies":[{"embeddable":true,"href":"https:\/\/sinpes.org.br\/site\/wp-json\/wp\/v2\/comments?post=3492"}],"version-history":[{"count":3,"href":"https:\/\/sinpes.org.br\/site\/wp-json\/wp\/v2\/posts\/3492\/revisions"}],"predecessor-version":[{"id":3904,"href":"https:\/\/sinpes.org.br\/site\/wp-json\/wp\/v2\/posts\/3492\/revisions\/3904"}],"wp:attachment":[{"href":"https:\/\/sinpes.org.br\/site\/wp-json\/wp\/v2\/media?parent=3492"}],"wp:term":[{"taxonomy":"category","embeddable":true,"href":"https:\/\/sinpes.org.br\/site\/wp-json\/wp\/v2\/categories?post=3492"},{"taxonomy":"post_tag","embeddable":true,"href":"https:\/\/sinpes.org.br\/site\/wp-json\/wp\/v2\/tags?post=3492"}],"curies":[{"name":"wp","href":"https:\/\/api.w.org\/{rel}","templated":true}]}}