{"id":3488,"date":"2021-03-08T11:17:15","date_gmt":"2021-03-08T14:17:15","guid":{"rendered":"https:\/\/sinpes.org.br\/site\/?p=3488"},"modified":"2021-03-08T11:17:15","modified_gmt":"2021-03-08T14:17:15","slug":"sinpes-e-uniandrade-se-reunem-no-ministerio-publico-do-trabalho","status":"publish","type":"post","link":"https:\/\/sinpes.org.br\/site\/sinpes-e-uniandrade-se-reunem-no-ministerio-publico-do-trabalho\/","title":{"rendered":"Sinpes e Uniandrade se re\u00fanem no Minist\u00e9rio P\u00fablico do Trabalho"},"content":{"rendered":"<p>O Sindicato dos Professores de Ensino Superior de Curitiba e Regi\u00e3o Metropolitana \u2013 SINPES e representantes da Uniandrade participaram de audi\u00eancia de media\u00e7\u00e3o no Minist\u00e9rio P\u00fablico do Trabalho na \u00faltima ter\u00e7a-feira (02\/03). O sindicato solicitou a media\u00e7\u00e3o depois da den\u00fancia encaminhada por professores de que a universidade teria cortado 1\/3 dos sal\u00e1rios e promovido a redu\u00e7\u00e3o linear da carga hor\u00e1ria das disciplinas lecionadas, bem como redu\u00e7\u00e3o nominal do valor da hora-aula.<\/p>\n<p>Na audi\u00eancia, o Sinpes apresentou a den\u00fancia ao Minist\u00e9rio P\u00fablico. O advogado da Uniandrade alegou desconhecimento do termo, bem como do fato de que a institui\u00e7\u00e3o estaria pressionando os professores a assinarem redu\u00e7\u00e3o de carga hor\u00e1ria que consequentemente reduz os sal\u00e1rios. O representante da Uniandrade destacou que iria se inteirar sobre os fatos e responderia o MPT no prazo estabelecido de cinco dias \u00fateis.<br \/>\nUma nova audi\u00eancia de media\u00e7\u00e3o poder\u00e1 ser convocada para a resolu\u00e7\u00e3o da situa\u00e7\u00e3o.<\/p>\n<!-- AddThis Advanced Settings generic via filter on the_content --><!-- AddThis Share Buttons generic via filter on the_content -->","protected":false},"excerpt":{"rendered":"<p>O Sindicato dos Professores de Ensino Superior de Curitiba e Regi\u00e3o Metropolitana \u2013 SINPES e representantes da Uniandrade participaram de audi\u00eancia de media\u00e7\u00e3o no Minist\u00e9rio P\u00fablico do Trabalho na \u00faltima ter\u00e7a-feira (02\/03). O sindicato solicitou a media\u00e7\u00e3o depois da den\u00fancia encaminhada por professores de que a universidade teria cortado 1\/3 dos sal\u00e1rios e promovido a [&hellip;]<!-- AddThis Advanced Settings generic via filter on wp_trim_excerpt --><!-- AddThis Share Buttons generic via filter on wp_trim_excerpt --><\/p>\n","protected":false},"author":3,"featured_media":0,"comment_status":"closed","ping_status":"open","sticky":false,"template":"","format":"standard","meta":{"footnotes":""},"categories":[7,478,18,13,17],"tags":[654,250,645,476,653,628],"class_list":["post-3488","post","type-post","status-publish","format-standard","hentry","category-arquivo-de-noticias","category-coronavirus-e-direitos-dos-professores","category-destaque","category-home","category-uniandrade","tag-654","tag-ministerio-publico-do-trabalho","tag-professores-da-uniandrade","tag-reducao-de-salarios","tag-reuniao-com-a-uniandrade","tag-uniandrade"],"_links":{"self":[{"href":"https:\/\/sinpes.org.br\/site\/wp-json\/wp\/v2\/posts\/3488","targetHints":{"allow":["GET"]}}],"collection":[{"href":"https:\/\/sinpes.org.br\/site\/wp-json\/wp\/v2\/posts"}],"about":[{"href":"https:\/\/sinpes.org.br\/site\/wp-json\/wp\/v2\/types\/post"}],"author":[{"embeddable":true,"href":"https:\/\/sinpes.org.br\/site\/wp-json\/wp\/v2\/users\/3"}],"replies":[{"embeddable":true,"href":"https:\/\/sinpes.org.br\/site\/wp-json\/wp\/v2\/comments?post=3488"}],"version-history":[{"count":1,"href":"https:\/\/sinpes.org.br\/site\/wp-json\/wp\/v2\/posts\/3488\/revisions"}],"predecessor-version":[{"id":3489,"href":"https:\/\/sinpes.org.br\/site\/wp-json\/wp\/v2\/posts\/3488\/revisions\/3489"}],"wp:attachment":[{"href":"https:\/\/sinpes.org.br\/site\/wp-json\/wp\/v2\/media?parent=3488"}],"wp:term":[{"taxonomy":"category","embeddable":true,"href":"https:\/\/sinpes.org.br\/site\/wp-json\/wp\/v2\/categories?post=3488"},{"taxonomy":"post_tag","embeddable":true,"href":"https:\/\/sinpes.org.br\/site\/wp-json\/wp\/v2\/tags?post=3488"}],"curies":[{"name":"wp","href":"https:\/\/api.w.org\/{rel}","templated":true}]}}