{"id":3481,"date":"2021-02-25T12:46:55","date_gmt":"2021-02-25T15:46:55","guid":{"rendered":"https:\/\/sinpes.org.br\/site\/?p=3481"},"modified":"2021-02-25T12:46:55","modified_gmt":"2021-02-25T15:46:55","slug":"nota-de-pesar-pelo-falecimento-do-professor-carlos-augusto-do-nascimento-benkendorf","status":"publish","type":"post","link":"https:\/\/sinpes.org.br\/site\/nota-de-pesar-pelo-falecimento-do-professor-carlos-augusto-do-nascimento-benkendorf\/","title":{"rendered":"Nota de Pesar pelo falecimento do professor Carlos Augusto do Nascimento Benkendorf"},"content":{"rendered":"<div class=\"o9v6fnle cxmmr5t8 oygrvhab hcukyx3x c1et5uql ii04i59q\">\n<div dir=\"auto\">O Sinpes lamenta profundamente o falecimento de Carlos Augusto do Nascimento Benkendorf, professor e membro da Diretoria do Sindicato. Expressamos o mais profundo pesar \u00e0 fam\u00edlia, aos amigos e tamb\u00e9m aos alunos do professor Carlos. Ele estava internado acometido por Covid-19 e faleceu na manh\u00e3 desta quinta-feira (25) aos 54 anos de idade.<\/div>\n<\/div>\n<div class=\"o9v6fnle cxmmr5t8 oygrvhab hcukyx3x c1et5uql ii04i59q\">\n<div dir=\"auto\">Carlos Augusto do Nascimento Benkendorf era Bacharel em Direito pela Pontif\u00edcia Universidade Cat\u00f3lica do Paran\u00e1 (1990) e em Hist\u00f3ria pela Universidade Federal do Paran\u00e1 (1989). Possu\u00eda P\u00f3s-Gradua\u00e7\u00e3o lato sensu, em n\u00edvel de especializa\u00e7\u00e3o em Direito Aplicado pela Escola de Magistratura do Paran\u00e1. Era professor da Faculdade Anchieta de Ensino Superior do Paran\u00e1 e das Faculdade Integradas Santa Cruz de Curitiba \u2013 FARESC.<\/div>\n<\/div>\n<div class=\"o9v6fnle cxmmr5t8 oygrvhab hcukyx3x c1et5uql ii04i59q\">\n<div dir=\"auto\">Benkendorf participava da Diretoria do Sinpes desde 2012 onde atuava de forma combativa e intransigente na defesa dos direitos de seus pares. Por ocasi\u00e3o dos graves problemas recentemente amargados pelos professores da Santa Cruz, figurou como interlocutor importante junto \u00e0 Diretoria do sindicato.<\/div>\n<div dir=\"auto\"><\/div>\n<div dir=\"auto\"><a href=\"https:\/\/sinpes.org.br\/site\/wp-content\/uploads\/2021\/02\/Adicionar-um-subtitulo-1.jpg\"><img loading=\"lazy\" decoding=\"async\" class=\"aligncenter size-medium wp-image-3482\" src=\"https:\/\/sinpes.org.br\/site\/wp-content\/uploads\/2021\/02\/Adicionar-um-subtitulo-1-300x300.jpg\" alt=\"\" width=\"300\" height=\"300\" srcset=\"https:\/\/sinpes.org.br\/site\/wp-content\/uploads\/2021\/02\/Adicionar-um-subtitulo-1-300x300.jpg 300w, https:\/\/sinpes.org.br\/site\/wp-content\/uploads\/2021\/02\/Adicionar-um-subtitulo-1-1024x1024.jpg 1024w, https:\/\/sinpes.org.br\/site\/wp-content\/uploads\/2021\/02\/Adicionar-um-subtitulo-1-150x150.jpg 150w, https:\/\/sinpes.org.br\/site\/wp-content\/uploads\/2021\/02\/Adicionar-um-subtitulo-1-768x768.jpg 768w, https:\/\/sinpes.org.br\/site\/wp-content\/uploads\/2021\/02\/Adicionar-um-subtitulo-1.jpg 1080w\" sizes=\"auto, (max-width: 300px) 100vw, 300px\" \/><\/a><\/div>\n<\/div>\n<!-- AddThis Advanced Settings generic via filter on the_content --><!-- AddThis Share Buttons generic via filter on the_content -->","protected":false},"excerpt":{"rendered":"<p>O Sinpes lamenta profundamente o falecimento de Carlos Augusto do Nascimento Benkendorf, professor e membro da Diretoria do Sindicato. Expressamos o mais profundo pesar \u00e0 fam\u00edlia, aos amigos e tamb\u00e9m aos alunos do professor Carlos. Ele estava internado acometido por Covid-19 e faleceu na manh\u00e3 desta quinta-feira (25) aos 54 anos de idade. Carlos Augusto [&hellip;]<!-- AddThis Advanced Settings generic via filter on wp_trim_excerpt --><!-- AddThis Share Buttons generic via filter on wp_trim_excerpt --><\/p>\n","protected":false},"author":3,"featured_media":0,"comment_status":"closed","ping_status":"open","sticky":false,"template":"","format":"standard","meta":{"footnotes":""},"categories":[7,478,18,13],"tags":[649,462,650,513,648],"class_list":["post-3481","post","type-post","status-publish","format-standard","hentry","category-arquivo-de-noticias","category-coronavirus-e-direitos-dos-professores","category-destaque","category-home","tag-carlos-benkendorf","tag-covid-19","tag-diretoria-do-sinpes","tag-falecimento","tag-nota-de-pesar"],"_links":{"self":[{"href":"https:\/\/sinpes.org.br\/site\/wp-json\/wp\/v2\/posts\/3481","targetHints":{"allow":["GET"]}}],"collection":[{"href":"https:\/\/sinpes.org.br\/site\/wp-json\/wp\/v2\/posts"}],"about":[{"href":"https:\/\/sinpes.org.br\/site\/wp-json\/wp\/v2\/types\/post"}],"author":[{"embeddable":true,"href":"https:\/\/sinpes.org.br\/site\/wp-json\/wp\/v2\/users\/3"}],"replies":[{"embeddable":true,"href":"https:\/\/sinpes.org.br\/site\/wp-json\/wp\/v2\/comments?post=3481"}],"version-history":[{"count":1,"href":"https:\/\/sinpes.org.br\/site\/wp-json\/wp\/v2\/posts\/3481\/revisions"}],"predecessor-version":[{"id":3483,"href":"https:\/\/sinpes.org.br\/site\/wp-json\/wp\/v2\/posts\/3481\/revisions\/3483"}],"wp:attachment":[{"href":"https:\/\/sinpes.org.br\/site\/wp-json\/wp\/v2\/media?parent=3481"}],"wp:term":[{"taxonomy":"category","embeddable":true,"href":"https:\/\/sinpes.org.br\/site\/wp-json\/wp\/v2\/categories?post=3481"},{"taxonomy":"post_tag","embeddable":true,"href":"https:\/\/sinpes.org.br\/site\/wp-json\/wp\/v2\/tags?post=3481"}],"curies":[{"name":"wp","href":"https:\/\/api.w.org\/{rel}","templated":true}]}}