{"id":3469,"date":"2021-02-19T09:44:13","date_gmt":"2021-02-19T12:44:13","guid":{"rendered":"https:\/\/sinpes.org.br\/site\/?p=3469"},"modified":"2021-02-19T13:27:56","modified_gmt":"2021-02-19T16:27:56","slug":"volta-as-aulas-pesquisa-feita-pelo-sinpes-revela-que-819-dos-participantes-e-contra-o-retorno-do-modelo-presencial","status":"publish","type":"post","link":"https:\/\/sinpes.org.br\/site\/volta-as-aulas-pesquisa-feita-pelo-sinpes-revela-que-819-dos-participantes-e-contra-o-retorno-do-modelo-presencial\/","title":{"rendered":"Volta \u00e0s aulas: Pesquisa feita pelo Sinpes revela que 81,9% dos participantes \u00e9 contra o retorno \u00e0s aulas presenciais antes da massiva vacina\u00e7\u00e3o dos docentes"},"content":{"rendered":"<p>Com a inten\u00e7\u00e3o de ouvir docentes e estudantes sobre o retorno das aulas no modelo presencial e assim formular a\u00e7\u00f5es voltadas \u00e0 seguran\u00e7a de todos frente \u00e0 pandemia do Novo Coronav\u00edrus, o Sindicato dos Professores de Ensino Superior de Curitiba e Regi\u00e3o Metropolitana \u2013 SINPES consultou, por meio de um formul\u00e1rio online entre os dias 03 e 13 de fevereiro, a comunidade acad\u00eamica do ensino superior privado de Curitiba e Regi\u00e3o Metropolitana em pesquisa que garantiu o anonimato dos participantes.<\/p>\n<p>Entre os participantes 47,8% eram estudantes universit\u00e1rios e 52,2% professores (as) (35,8% horistas, 13,3% de tempo integral e 3,1% em cargos de coordena\u00e7\u00e3o ou dire\u00e7\u00e3o). Alunos e docentes de 29 institui\u00e7\u00f5es de ensino superior responderam \u00e0 pesquisa: Dom Bosco, Centro Universit\u00e1rio Filad\u00e9lfia (Unifil), Est\u00e1cio, Faculdade Bagozzi, Faculdades Cescage, Fae, Faculdades Pequeno Pr\u00edncipe, Faculdade de Pinhais, Faculdade Inspirar, Fesp, Faculdade Teol\u00f3gica Bet\u00e2nia, Faculdade Opet, Fatec, Isulpar, PUC-PR, Unicesumar, Universidade Positivo, Universidade Tuiuti, Unibrasil, Uninter, Unicuritiba, Uniandrade, Universidade Santa Cruz, Unopar, Unip, Uning\u00e1, Unifaesp, UFPR e UTFPR.<\/p>\n<p>Ao todo 89,7% dos entrevistados revelaram que n\u00e3o foram consultados pelas institui\u00e7\u00f5es sobre a volta das aulas presenciais. Entre os que foram (10,3%), as consultas se deram por meio de formul\u00e1rios eletr\u00f4nicos, de reuni\u00f5es online, por e-mail e WhatsApp. Sobre as medidas de seguran\u00e7a que ser\u00e3o adotadas a maioria diz n\u00e3o saber, entre os que sabem as medidas ser\u00e3o as recomendadas pela OMS: Uso de m\u00e1scara e \u00e1lcool em gel e distanciamento social.<\/p>\n<p>Sobre a volta \u00e0s aulas 81,9% responderam que s\u00e3o contra o retorno das aulas presenciais antes das vacinas chegarem aos professores e 18,1% \u00e9 a favor. Entre os participantes 32,2% disseram pertencer a um grupo de risco.<\/p>\n<p>A pesquisa tamb\u00e9m questionou a import\u00e2ncia de se ter um sindicato para negociar o retorno e as condi\u00e7\u00f5es de seguran\u00e7a. Nesse quesito, 81,5 % destacaram ser importante ter um sindicato para negociar. E, quando questionados sobre a pertin\u00eancia de negocia\u00e7\u00f5es individuais, 69,2% respondeu negativamente.<\/p>\n<p>A prop\u00f3sito, o Sinpes recorda que as condi\u00e7\u00f5es necess\u00e1rias para o retorno \u00e0s aulas com seguran\u00e7a foram inseridas na pauta de reivindica\u00e7\u00f5es da categoria aprovada por assembleia geral dos professores, por ocasi\u00e3o das negocia\u00e7\u00f5es que antecederam a celebra\u00e7\u00e3o da conven\u00e7\u00e3o coletiva 2020\/2022, tema cujo debate foi repelido pelo sindicato patronal na ocasi\u00e3o.<\/p>\n<p>No formul\u00e1rio, diversos estudantes e professores destacaram estarem apreensivos com a volta \u00e0s aulas antes da vacina\u00e7\u00e3o de docentes e estudantes. &#8220;Acredito que o retorno as aulas sem a vacina\u00e7\u00e3o podem gerar um colapso igual ao de Manaus, onde a contamina\u00e7\u00e3o e novas vers\u00f5es do v\u00edrus podem se multiplicar rapidamente&#8221;, alerta um dos participantes.<\/p>\n<p>Frente ao resultado da pesquisa o Sinpes refor\u00e7a sua convic\u00e7\u00e3o, j\u00e1 externada pela unanimidade de seus diretores, que s\u00f3 \u00e9 poss\u00edvel tolerar o retorno das atividades presenciais do ensino superior privado na hip\u00f3tese da vacina\u00e7\u00e3o na integralidade dos professores e professoras. \u201cN\u00e3o \u00e9 poss\u00edvel expor alunos e professores ao risco do retorno presencial antes de acontecer essa vacina\u00e7\u00e3o\u201d, refor\u00e7a o presidente do Sindicato, Valdyr Perrini.<\/p>\n<p>O sindicato tamb\u00e9m destaca que no dia 29\/04\/2020 o Supremo Tribunal Federal decidiu em liminar que o fato de o trabalhador ser contaminado por Covid-19 \u00e9 considerado como doen\u00e7a ocupacional, o que, por sua vez, equipara-se a acidente de trabalho. O efeito da decis\u00e3o reflete diretamente no fato de que uma vez definida a contamina\u00e7\u00e3o pela Covid-19 como doen\u00e7a ocupacional, via de consequ\u00eancia o trabalhador acometido passa a ter assegurado o aux\u00edlio doen\u00e7a acident\u00e1rio, beneficiando-se do recebimento do valor do benef\u00edcio, do recolhimento do FGTS e da estabilidade provis\u00f3ria no emprego ap\u00f3s a alta m\u00e9dica e retorno ao posto de trabalho. Al\u00e9m disso, \u00e9 poss\u00edvel uma eventual indeniza\u00e7\u00e3o em caso de morte ou dano permanente a ser pleiteada em face de seu empregador, caso seja comprovado o nexo causal.<\/p>\n<!-- AddThis Advanced Settings generic via filter on the_content --><!-- AddThis Share Buttons generic via filter on the_content -->","protected":false},"excerpt":{"rendered":"<p>Com a inten\u00e7\u00e3o de ouvir docentes e estudantes sobre o retorno das aulas no modelo presencial e assim formular a\u00e7\u00f5es voltadas \u00e0 seguran\u00e7a de todos frente \u00e0 pandemia do Novo Coronav\u00edrus, o Sindicato dos Professores de Ensino Superior de Curitiba e Regi\u00e3o Metropolitana \u2013 SINPES consultou, por meio de um formul\u00e1rio online entre os dias [&hellip;]<!-- AddThis Advanced Settings generic via filter on wp_trim_excerpt --><!-- AddThis Share Buttons generic via filter on wp_trim_excerpt --><\/p>\n","protected":false},"author":3,"featured_media":0,"comment_status":"closed","ping_status":"open","sticky":false,"template":"","format":"standard","meta":{"footnotes":""},"categories":[7,478,18,13],"tags":[640,456,462,472,641,642,643,566],"class_list":["post-3469","post","type-post","status-publish","format-standard","hentry","category-arquivo-de-noticias","category-coronavirus-e-direitos-dos-professores","category-destaque","category-home","tag-aulas-presenciais","tag-coronavirus","tag-covid-19","tag-pandemia","tag-vacian","tag-vacina-para-todos","tag-vacinacao-de-professores","tag-volta-as-aulas"],"_links":{"self":[{"href":"https:\/\/sinpes.org.br\/site\/wp-json\/wp\/v2\/posts\/3469","targetHints":{"allow":["GET"]}}],"collection":[{"href":"https:\/\/sinpes.org.br\/site\/wp-json\/wp\/v2\/posts"}],"about":[{"href":"https:\/\/sinpes.org.br\/site\/wp-json\/wp\/v2\/types\/post"}],"author":[{"embeddable":true,"href":"https:\/\/sinpes.org.br\/site\/wp-json\/wp\/v2\/users\/3"}],"replies":[{"embeddable":true,"href":"https:\/\/sinpes.org.br\/site\/wp-json\/wp\/v2\/comments?post=3469"}],"version-history":[{"count":2,"href":"https:\/\/sinpes.org.br\/site\/wp-json\/wp\/v2\/posts\/3469\/revisions"}],"predecessor-version":[{"id":3471,"href":"https:\/\/sinpes.org.br\/site\/wp-json\/wp\/v2\/posts\/3469\/revisions\/3471"}],"wp:attachment":[{"href":"https:\/\/sinpes.org.br\/site\/wp-json\/wp\/v2\/media?parent=3469"}],"wp:term":[{"taxonomy":"category","embeddable":true,"href":"https:\/\/sinpes.org.br\/site\/wp-json\/wp\/v2\/categories?post=3469"},{"taxonomy":"post_tag","embeddable":true,"href":"https:\/\/sinpes.org.br\/site\/wp-json\/wp\/v2\/tags?post=3469"}],"curies":[{"name":"wp","href":"https:\/\/api.w.org\/{rel}","templated":true}]}}