{"id":3459,"date":"2021-02-03T11:20:23","date_gmt":"2021-02-03T14:20:23","guid":{"rendered":"https:\/\/sinpes.org.br\/site\/?p=3459"},"modified":"2021-02-03T11:20:23","modified_gmt":"2021-02-03T14:20:23","slug":"consulta-do-sinpes-a-comunidade-academica-de-curitiba-e-rmc","status":"publish","type":"post","link":"https:\/\/sinpes.org.br\/site\/consulta-do-sinpes-a-comunidade-academica-de-curitiba-e-rmc\/","title":{"rendered":"Consulta do Sinpes \u00e0 comunidade acad\u00eamica de Curitiba e RMC"},"content":{"rendered":"<p>O Sinpes quer saber a opini\u00e3o da Comunidade Acad\u00eamica do ensino superior privado de Curitiba e Regi\u00e3o Metropolitana sobre a volta das aulas no modelo presencial antes da vacina\u00e7\u00e3o de professores (as) e alunos (as). A pesquisa garante o anonimato dos participantes.<br \/>\nParticipe!<br \/>\n<strong>Link para a pesquisa:<\/strong>\u00a0<a class=\"oajrlxb2 g5ia77u1 qu0x051f esr5mh6w e9989ue4 r7d6kgcz rq0escxv nhd2j8a9 nc684nl6 p7hjln8o kvgmc6g5 cxmmr5t8 oygrvhab hcukyx3x jb3vyjys rz4wbd8a qt6c0cv9 a8nywdso i1ao9s8h esuyzwwr f1sip0of lzcic4wl py34i1dx gpro0wi8\" tabindex=\"0\" role=\"link\" href=\"https:\/\/docs.google.com\/forms\/d\/e\/1FAIpQLSfJ69-ocRPjg_7r_nn2nPFhYDQYu4x6RxfsemtuBZuyd5xOQg\/viewform?fbclid=IwAR0aVHlCbhgubzKHzVybrbd7BaXBDEzr1dk7dxb6eoDNoIOsNpjvTJTymac\" target=\"_blank\" rel=\"nofollow noopener\">https:\/\/docs.google.com\/&#8230;\/1FAIpQLSfJ69-ocRPjg&#8230;\/viewform\u00a0<\/a><\/p>\n<!-- AddThis Advanced Settings generic via filter on the_content --><!-- AddThis Share Buttons generic via filter on the_content -->","protected":false},"excerpt":{"rendered":"<p>O Sinpes quer saber a opini\u00e3o da Comunidade Acad\u00eamica do ensino superior privado de Curitiba e Regi\u00e3o Metropolitana sobre a volta das aulas no modelo presencial antes da vacina\u00e7\u00e3o de professores (as) e alunos (as). A pesquisa garante o anonimato dos participantes. Participe! Link para a pesquisa:\u00a0https:\/\/docs.google.com\/&#8230;\/1FAIpQLSfJ69-ocRPjg&#8230;\/viewform\u00a0<!-- AddThis Advanced Settings generic via filter on wp_trim_excerpt --><!-- AddThis Share Buttons generic via filter on wp_trim_excerpt --><\/p>\n","protected":false},"author":3,"featured_media":0,"comment_status":"closed","ping_status":"open","sticky":false,"template":"","format":"standard","meta":{"footnotes":""},"categories":[7,478,18,13,5],"tags":[456,462,472,638,636,566],"class_list":["post-3459","post","type-post","status-publish","format-standard","hentry","category-arquivo-de-noticias","category-coronavirus-e-direitos-dos-professores","category-destaque","category-home","category-sinpes","tag-coronavirus","tag-covid-19","tag-pandemia","tag-pesquisa","tag-vacinacao","tag-volta-as-aulas"],"_links":{"self":[{"href":"https:\/\/sinpes.org.br\/site\/wp-json\/wp\/v2\/posts\/3459","targetHints":{"allow":["GET"]}}],"collection":[{"href":"https:\/\/sinpes.org.br\/site\/wp-json\/wp\/v2\/posts"}],"about":[{"href":"https:\/\/sinpes.org.br\/site\/wp-json\/wp\/v2\/types\/post"}],"author":[{"embeddable":true,"href":"https:\/\/sinpes.org.br\/site\/wp-json\/wp\/v2\/users\/3"}],"replies":[{"embeddable":true,"href":"https:\/\/sinpes.org.br\/site\/wp-json\/wp\/v2\/comments?post=3459"}],"version-history":[{"count":1,"href":"https:\/\/sinpes.org.br\/site\/wp-json\/wp\/v2\/posts\/3459\/revisions"}],"predecessor-version":[{"id":3460,"href":"https:\/\/sinpes.org.br\/site\/wp-json\/wp\/v2\/posts\/3459\/revisions\/3460"}],"wp:attachment":[{"href":"https:\/\/sinpes.org.br\/site\/wp-json\/wp\/v2\/media?parent=3459"}],"wp:term":[{"taxonomy":"category","embeddable":true,"href":"https:\/\/sinpes.org.br\/site\/wp-json\/wp\/v2\/categories?post=3459"},{"taxonomy":"post_tag","embeddable":true,"href":"https:\/\/sinpes.org.br\/site\/wp-json\/wp\/v2\/tags?post=3459"}],"curies":[{"name":"wp","href":"https:\/\/api.w.org\/{rel}","templated":true}]}}