{"id":3446,"date":"2021-01-22T15:38:24","date_gmt":"2021-01-22T18:38:24","guid":{"rendered":"https:\/\/sinpes.org.br\/site\/?p=3446"},"modified":"2021-01-22T15:44:43","modified_gmt":"2021-01-22T18:44:43","slug":"professores-e-professoras-precisam-ser-incluidos-na-segunda-fase-da-vacinacao","status":"publish","type":"post","link":"https:\/\/sinpes.org.br\/site\/professores-e-professoras-precisam-ser-incluidos-na-segunda-fase-da-vacinacao\/","title":{"rendered":"Professores e professoras precisam ser inclu\u00eddos na segunda fase da vacina\u00e7\u00e3o"},"content":{"rendered":"<p>No \u00faltimo dia 20\/01 a Secretaria de Estado da Sa\u00fade (SESA) come\u00e7ou a vacina\u00e7\u00e3o contra a Covid-19 no estado do Paran\u00e1. A princ\u00edpio, as 265 mil doses devem atender apenas parcialmente os grupos priorit\u00e1rios. O Plano Estadual de Vacina\u00e7\u00e3o anunciado pelo Governo do Paran\u00e1 segue a defini\u00e7\u00e3o de grupos priorit\u00e1rios estabelecidos pelo Minist\u00e9rio da Sa\u00fade (MS). E o Minist\u00e9rio da Sa\u00fade, por sua vez, ao contr\u00e1rio do que havia sido prometido pelo Minist\u00e9rio da Educa\u00e7\u00e3o (MEC), deixou os professores de fora da segunda fase do Plano de Imuniza\u00e7\u00e3o. Ou seja, segundo a pol\u00edtica de Bolsonaro e Ratinho J\u00fanior professores e professoras da rede p\u00fablica e privada n\u00e3o correm alto risco de se contaminar, mesmo lecionando em turmas com mais de 30 alunos e tamb\u00e9m n\u00e3o representam alto risco de transmiss\u00e3o, mesmo tendo contato com centenas de estudantes diariamente caso as aulas presenciais sejam retomadas j\u00e1 no pr\u00f3ximo m\u00eas.<br \/>\nO Sindicato dos Professores de Ensino Superior Privado \u2013 SINPES se posiciona no sentido de que os professores e professoras devem ser inclu\u00eddos na segunda fase de vacina\u00e7\u00e3o, sem desmerecer a necessidade da vacina\u00e7\u00e3o em breve tamb\u00e9m dos alunos. Estes profissionais, cujo trabalho presencial deve voltar em breve, estar\u00e3o expostos sim \u00e0 doen\u00e7a j\u00e1 que lecionar\u00e3o na presen\u00e7a de centenas de estudantes todos os dias. A vacina\u00e7\u00e3o destes trabalhadores, refor\u00e7a o Sinpes, deve ser tamb\u00e9m condi\u00e7\u00e3o para o retorno das aulas presenciais.<\/p>\n<!-- AddThis Advanced Settings generic via filter on the_content --><!-- AddThis Share Buttons generic via filter on the_content -->","protected":false},"excerpt":{"rendered":"<p>No \u00faltimo dia 20\/01 a Secretaria de Estado da Sa\u00fade (SESA) come\u00e7ou a vacina\u00e7\u00e3o contra a Covid-19 no estado do Paran\u00e1. A princ\u00edpio, as 265 mil doses devem atender apenas parcialmente os grupos priorit\u00e1rios. O Plano Estadual de Vacina\u00e7\u00e3o anunciado pelo Governo do Paran\u00e1 segue a defini\u00e7\u00e3o de grupos priorit\u00e1rios estabelecidos pelo Minist\u00e9rio da Sa\u00fade [&hellip;]<!-- AddThis Advanced Settings generic via filter on wp_trim_excerpt --><!-- AddThis Share Buttons generic via filter on wp_trim_excerpt --><\/p>\n","protected":false},"author":3,"featured_media":0,"comment_status":"closed","ping_status":"open","sticky":false,"template":"","format":"standard","meta":{"footnotes":""},"categories":[7,478,18],"tags":[456,462,348,472,22,636],"class_list":["post-3446","post","type-post","status-publish","format-standard","hentry","category-arquivo-de-noticias","category-coronavirus-e-direitos-dos-professores","category-destaque","tag-coronavirus","tag-covid-19","tag-educacao","tag-pandemia","tag-professores","tag-vacinacao"],"_links":{"self":[{"href":"https:\/\/sinpes.org.br\/site\/wp-json\/wp\/v2\/posts\/3446","targetHints":{"allow":["GET"]}}],"collection":[{"href":"https:\/\/sinpes.org.br\/site\/wp-json\/wp\/v2\/posts"}],"about":[{"href":"https:\/\/sinpes.org.br\/site\/wp-json\/wp\/v2\/types\/post"}],"author":[{"embeddable":true,"href":"https:\/\/sinpes.org.br\/site\/wp-json\/wp\/v2\/users\/3"}],"replies":[{"embeddable":true,"href":"https:\/\/sinpes.org.br\/site\/wp-json\/wp\/v2\/comments?post=3446"}],"version-history":[{"count":2,"href":"https:\/\/sinpes.org.br\/site\/wp-json\/wp\/v2\/posts\/3446\/revisions"}],"predecessor-version":[{"id":3449,"href":"https:\/\/sinpes.org.br\/site\/wp-json\/wp\/v2\/posts\/3446\/revisions\/3449"}],"wp:attachment":[{"href":"https:\/\/sinpes.org.br\/site\/wp-json\/wp\/v2\/media?parent=3446"}],"wp:term":[{"taxonomy":"category","embeddable":true,"href":"https:\/\/sinpes.org.br\/site\/wp-json\/wp\/v2\/categories?post=3446"},{"taxonomy":"post_tag","embeddable":true,"href":"https:\/\/sinpes.org.br\/site\/wp-json\/wp\/v2\/tags?post=3446"}],"curies":[{"name":"wp","href":"https:\/\/api.w.org\/{rel}","templated":true}]}}