{"id":3413,"date":"2020-12-17T09:05:33","date_gmt":"2020-12-17T12:05:33","guid":{"rendered":"https:\/\/sinpes.org.br\/site\/?p=3413"},"modified":"2020-12-17T09:05:33","modified_gmt":"2020-12-17T12:05:33","slug":"relato-do-professor-fabiano-pucci-do-nascimento","status":"publish","type":"post","link":"https:\/\/sinpes.org.br\/site\/relato-do-professor-fabiano-pucci-do-nascimento\/","title":{"rendered":"Relato do Professor Fabiano Pucci do Nascimento"},"content":{"rendered":"<p>Nesta semana, o Unicuritiba demitiu diversos professores e professoras de seu quadro. Docentes com muito tempo de casa, que dedicaram longos anos ao aprendizado de seus acad\u00eamicos. Abaixo o Sinpes reproduz o texto do professor Fabiano Pucci do Nascimento, um dos demitidos e que expressa nesse relato toda a injusti\u00e7a que a mercantiliza\u00e7\u00e3o do ensino promove nesta que \u00e9 uma das mais tradicionais universidades de Curitiba. Confira:<\/p>\n<p>\u201cHoje me despe\u00e7o do UNICURITIBA. E meu sentimento, ap\u00f3s 22 anos, \u00e9 de extrema gratid\u00e3o, por tudo que aqui vivenciei, por todos aqueles que convivi, por tudo que aprendi, por tudo que realizei e que me permitiram fazer por ali. Fui desligado, mas o que pode parecer uma condena\u00e7\u00e3o, \u00e9 na verdade uma reden\u00e7\u00e3o. O UNICURITIBA que entrei e que pude construir ao lado de muitos n\u00e3o existe mais. O mundo mudou, os propriet\u00e1rios mudaram, e toda a din\u00e2mica se transformou, ali dentro e por a\u00ed afora.<\/p>\n<p>Foi uma jornada que deixar\u00e1 imensas saudades e me inunda de esperan\u00e7a. Em especial pelos alunos e alunas com os quais tanto aprendi, que me fizeram professor e coordenador, aqueles que participei da forma\u00e7\u00e3o e direta ou indiretamente da transforma\u00e7\u00e3o. Como uma velha \u00e1rvore, carrego um pouco de cada um nas minhas folhas e galhos. N\u00e3o posso deixar de agradecer aos meus professores, amigos de verdade, demais coordenadores, e aos colabores que de alguma forma se conectaram comigo numa rela\u00e7\u00e3o de carinho, coopera\u00e7\u00e3o, amizade e compartilhamento. Todos t\u00eam lugar nesse cora\u00e7\u00e3o laranja aqui. Expresso gratid\u00e3o inclusive \u00e0queles caricatos e rasos agentes recentes com os quais aprendi como n\u00e3o ser, que me fizeram notar mundos e situa\u00e7\u00f5es das quais n\u00e3o quero tomar parte, porque afrontam demais os meus valores.<\/p>\n<p>Saio triste e preocupado com a educa\u00e7\u00e3o, especialmente com os rumos do ensino superior no Brasil. No setor p\u00fablico vemos ilhas de excel\u00eancia cada vez mais sucateadas e com guerreiros cansados, num pa\u00eds no qual as lideran\u00e7as se revelam sem educa\u00e7\u00e3o, sem meio ambiente, sem ambiente algum, sem vontade, sem intelig\u00eancia, sem vergonha. No setor privado, especialmente nessa nova l\u00f3gica dos grandes grupos que se instalam e ganham capilaridade com extrema velocidade, observamos o comercial sobrepor o acad\u00eamico, num caminho de engana\u00e7\u00e3o disfar\u00e7ado de transforma\u00e7\u00e3o, cheio de boys e piriguetes tratados como gurus. Um ambiente que se evidencia sem estrutura, sem respeito, sem pensamento, sem estofo, sem ess\u00eancia, com uma espetaculariza\u00e7\u00e3o que insere a todos num remake educacional do Cassino do Chacrinha, com muito playback, chacretes animad\u00edssimas, mentiras e armadilhas, pr\u00e1ticas escusas, bastidores indecentes, exposi\u00e7\u00e3o indevida e espor\u00e1dicos arremessos de bacalhau na alienada plateia.<\/p>\n<p>Entrei menino, saio moleque. As rugas colecionadas s\u00e3o caminhos inesquec\u00edveis gravados para sempre no meu rosto, nas minhas m\u00e3os, no meu cora\u00e7\u00e3o. Do menino que adorava assistir a s\u00e9rie V, a batalha final, ao velho cara que curtiu The Boys no Amazon Prime esse ano, continuo n\u00e3o perdendo a capacidade de me indignar, de acreditar no poder da criatividade, da transpar\u00eancia, das rela\u00e7\u00f5es com ess\u00eancia. This race is over. That\u2019s the end of this journey. Obrigado\u201d.<\/p>\n<p>&nbsp;<\/p>\n<!-- AddThis Advanced Settings generic via filter on the_content --><!-- AddThis Share Buttons generic via filter on the_content -->","protected":false},"excerpt":{"rendered":"<p>Nesta semana, o Unicuritiba demitiu diversos professores e professoras de seu quadro. Docentes com muito tempo de casa, que dedicaram longos anos ao aprendizado de seus acad\u00eamicos. Abaixo o Sinpes reproduz o texto do professor Fabiano Pucci do Nascimento, um dos demitidos e que expressa nesse relato toda a injusti\u00e7a que a mercantiliza\u00e7\u00e3o do ensino [&hellip;]<!-- AddThis Advanced Settings generic via filter on wp_trim_excerpt --><!-- AddThis Share Buttons generic via filter on wp_trim_excerpt --><\/p>\n","protected":false},"author":3,"featured_media":0,"comment_status":"closed","ping_status":"open","sticky":false,"template":"","format":"standard","meta":{"footnotes":""},"categories":[7,478,18,13],"tags":[619,494,516,369],"class_list":["post-3413","post","type-post","status-publish","format-standard","hentry","category-arquivo-de-noticias","category-coronavirus-e-direitos-dos-professores","category-destaque","category-home","tag-demissoes-no-unicuritiba","tag-grupo-anima","tag-professores-do-unicuritiba","tag-unicuritiba"],"_links":{"self":[{"href":"https:\/\/sinpes.org.br\/site\/wp-json\/wp\/v2\/posts\/3413","targetHints":{"allow":["GET"]}}],"collection":[{"href":"https:\/\/sinpes.org.br\/site\/wp-json\/wp\/v2\/posts"}],"about":[{"href":"https:\/\/sinpes.org.br\/site\/wp-json\/wp\/v2\/types\/post"}],"author":[{"embeddable":true,"href":"https:\/\/sinpes.org.br\/site\/wp-json\/wp\/v2\/users\/3"}],"replies":[{"embeddable":true,"href":"https:\/\/sinpes.org.br\/site\/wp-json\/wp\/v2\/comments?post=3413"}],"version-history":[{"count":1,"href":"https:\/\/sinpes.org.br\/site\/wp-json\/wp\/v2\/posts\/3413\/revisions"}],"predecessor-version":[{"id":3414,"href":"https:\/\/sinpes.org.br\/site\/wp-json\/wp\/v2\/posts\/3413\/revisions\/3414"}],"wp:attachment":[{"href":"https:\/\/sinpes.org.br\/site\/wp-json\/wp\/v2\/media?parent=3413"}],"wp:term":[{"taxonomy":"category","embeddable":true,"href":"https:\/\/sinpes.org.br\/site\/wp-json\/wp\/v2\/categories?post=3413"},{"taxonomy":"post_tag","embeddable":true,"href":"https:\/\/sinpes.org.br\/site\/wp-json\/wp\/v2\/tags?post=3413"}],"curies":[{"name":"wp","href":"https:\/\/api.w.org\/{rel}","templated":true}]}}