{"id":3408,"date":"2020-12-16T14:57:42","date_gmt":"2020-12-16T17:57:42","guid":{"rendered":"https:\/\/sinpes.org.br\/site\/?p=3408"},"modified":"2021-02-10T09:54:17","modified_gmt":"2021-02-10T12:54:17","slug":"puc-propoe-acordo-parcial-com-os-inativos-beneficiados-por-liminar-sobre-plano-de-saude-da-unimed","status":"publish","type":"post","link":"https:\/\/sinpes.org.br\/site\/puc-propoe-acordo-parcial-com-os-inativos-beneficiados-por-liminar-sobre-plano-de-saude-da-unimed\/","title":{"rendered":"PUC PROP\u00d5E ACORDO PARCIAL COM OS INATIVOS BENEFICIADOS POR LIMINAR SOBRE PLANO DE SA\u00daDE DA UNIMED"},"content":{"rendered":"<p>Por meio de a\u00e7\u00e3o trabalhista que recebeu o n\u00famero 0011628-05.2016.5.09.0016, ajuizada contra a Associa\u00e7\u00e3o Paranaense de Cultura e a UNIMED, o SINPES obteve liminar hist\u00f3rica em 25\/10\/2016 garantindo o prosseguimento do plano de sa\u00fade por tempo indeterminado nos moldes em que vinha sendo oferecido at\u00e9 ent\u00e3o, para todos os professores que naquela \u00e9poca haviam se desligado da universidade.<\/p>\n<p>A decis\u00e3o liminar subscrita pela Dra. Juliane Penteado de Carvalho Bernardi foi confirmada por decis\u00e3o definitiva da Dra. Patr\u00edcia de Matos Lemos, ent\u00e3o Ju\u00edza Titular da 10\u00aa Vara do Trabalho de Curitiba, prolatada em 23\/08\/2018. Recursos contra essa decis\u00e3o encontram-se pendentes de julgamento pela Desembargadora Presidente da 2\u00aa Turma do Tribunal Regional do Trabalho, Dra. Ana Carolina Zaina.<\/p>\n<p>Al\u00e9m da manuten\u00e7\u00e3o do Plano de Sa\u00fade, os professores tiveram reconhecido o direito de receber indeniza\u00e7\u00e3o por danos morais, no valor de R$ 20.000,00 para cada docente. A subsist\u00eancia ou n\u00e3o dessa condena\u00e7\u00e3o depende, portanto, ainda do pronunciamento de segunda inst\u00e2ncia.<\/p>\n<p>Em troca de sua exclus\u00e3o do processo, que continuaria contra a UNIMED, j\u00e1 que ambas as reclamadas foram condenadas solidariamente, a PUCPR prop\u00f5e pagar parte da indeniza\u00e7\u00e3o a que foi condenada.<\/p>\n<p>O valor exato a ser pago pela PUCPR, assim como eventual parcelamento, se concretizado o acordo, ainda est\u00e1 em negocia\u00e7\u00e3o e ser\u00e1 revelado aos professores interessados na Assembleia Geral convocada para deliberar sobre o ajuste, a ser realizada no dia 18\/12\/2020, sexta-feira \u00e0s 14h00min.<\/p>\n<p>Faz parte do acordo a PUCPR desistir de medidas criminais e administrativas que tomou contra dirigente do SINPES, abrindo assim as portas para novas tratativas para as imensas pend\u00eancias que existem entre a PUCPR e seus professores.<\/p>\n<p>Consulte no site do SINPES (www.sinpes.org.br) a rela\u00e7\u00e3o dos professores beneficiados. Se voc\u00ea foi professor da PUCPR, ingressou no plano de sa\u00fade da UNIMED at\u00e9 31\/05\/2002 e n\u00e3o se encontra na lista dos beneficiados, entre em contato imediatamente com o sindicato pelo e-mail sinpes@sinpes.org.br ou comunicacao@sinpes.org.br e pe\u00e7a sua inser\u00e7\u00e3o imediata na lista. O montante da indeniza\u00e7\u00e3o a ser recebido por docente depende de quantificarmos com exatid\u00e3o o n\u00famero dos professores efetivamente beneficiados.<\/p>\n<p>A palavra final est\u00e1 com os interessados, que dever\u00e3o se posicionar sobre a proposta patronal em Assembleia Virtual Convocada para o dia 18 de dezembro de 2020 \u00e0s 14h00min.<\/p>\n<p>A partir das 9h00min do dia 18, o link para participa\u00e7\u00e3o do evento estar\u00e1 \u00e0 disposi\u00e7\u00e3o dos interessados na p\u00e1gina do Facebook e no site do Sinpes. O registro de participa\u00e7\u00e3o na assembleia, bem como o voto do professor pela aprova\u00e7\u00e3o ou n\u00e3o do acordo dever\u00e1 ser encaminhado pelo e-mail comunicacao@sinpes.org.br, como de praxe nas demais assembleias virtuais.<\/p>\n<p>Confira no link a rela\u00e7\u00e3o de professores beneficiados: <a href=\"https:\/\/sinpes.org.br\/site\/wp-content\/uploads\/2020\/12\/Planilha-PUCPR.pdf\">Planilha PUCPR<\/a><\/p>\n<!-- AddThis Advanced Settings generic via filter on the_content --><!-- AddThis Share Buttons generic via filter on the_content -->","protected":false},"excerpt":{"rendered":"<p>Por meio de a\u00e7\u00e3o trabalhista que recebeu o n\u00famero 0011628-05.2016.5.09.0016, ajuizada contra a Associa\u00e7\u00e3o Paranaense de Cultura e a UNIMED, o SINPES obteve liminar hist\u00f3rica em 25\/10\/2016 garantindo o prosseguimento do plano de sa\u00fade por tempo indeterminado nos moldes em que vinha sendo oferecido at\u00e9 ent\u00e3o, para todos os professores que naquela \u00e9poca haviam se [&hellip;]<!-- AddThis Advanced Settings generic via filter on wp_trim_excerpt --><!-- AddThis Share Buttons generic via filter on wp_trim_excerpt --><\/p>\n","protected":false},"author":3,"featured_media":0,"comment_status":"closed","ping_status":"open","sticky":false,"template":"","format":"standard","meta":{"footnotes":""},"categories":[7,478,18,2],"tags":[486,617,614,618,615,61,616],"class_list":["post-3408","post","type-post","status-publish","format-standard","hentry","category-arquivo-de-noticias","category-coronavirus-e-direitos-dos-professores","category-destaque","category-puc","tag-acordo-puc","tag-assembleia-puc","tag-plano-de-saude-puc","tag-professores-inativos-pucpr","tag-professores-puc","tag-puc","tag-unimed"],"_links":{"self":[{"href":"https:\/\/sinpes.org.br\/site\/wp-json\/wp\/v2\/posts\/3408","targetHints":{"allow":["GET"]}}],"collection":[{"href":"https:\/\/sinpes.org.br\/site\/wp-json\/wp\/v2\/posts"}],"about":[{"href":"https:\/\/sinpes.org.br\/site\/wp-json\/wp\/v2\/types\/post"}],"author":[{"embeddable":true,"href":"https:\/\/sinpes.org.br\/site\/wp-json\/wp\/v2\/users\/3"}],"replies":[{"embeddable":true,"href":"https:\/\/sinpes.org.br\/site\/wp-json\/wp\/v2\/comments?post=3408"}],"version-history":[{"count":3,"href":"https:\/\/sinpes.org.br\/site\/wp-json\/wp\/v2\/posts\/3408\/revisions"}],"predecessor-version":[{"id":3412,"href":"https:\/\/sinpes.org.br\/site\/wp-json\/wp\/v2\/posts\/3408\/revisions\/3412"}],"wp:attachment":[{"href":"https:\/\/sinpes.org.br\/site\/wp-json\/wp\/v2\/media?parent=3408"}],"wp:term":[{"taxonomy":"category","embeddable":true,"href":"https:\/\/sinpes.org.br\/site\/wp-json\/wp\/v2\/categories?post=3408"},{"taxonomy":"post_tag","embeddable":true,"href":"https:\/\/sinpes.org.br\/site\/wp-json\/wp\/v2\/tags?post=3408"}],"curies":[{"name":"wp","href":"https:\/\/api.w.org\/{rel}","templated":true}]}}