{"id":3398,"date":"2020-12-11T16:10:35","date_gmt":"2020-12-11T19:10:35","guid":{"rendered":"https:\/\/sinpes.org.br\/site\/?p=3398"},"modified":"2020-12-15T10:08:34","modified_gmt":"2020-12-15T13:08:34","slug":"universidade-positivo-novamente-demite-professores-ao-final-de-um-semestre-letivo","status":"publish","type":"post","link":"https:\/\/sinpes.org.br\/site\/universidade-positivo-novamente-demite-professores-ao-final-de-um-semestre-letivo\/","title":{"rendered":"Universidade Positivo novamente demite professores ao final de um semestre letivo"},"content":{"rendered":"<p>Mais uma vez a Universidade Positivo promoveu diversas demiss\u00f5es em seu corpo docente. O Sindicato dos Professores de Ensino Superior de Curitiba e Regi\u00e3o Metropolitana &#8211; SINPES recebeu den\u00fancia de que desde a manh\u00e3 desta sexta-feira (11) professores e professoras est\u00e3o sendo desligados da UP. Segundo informa\u00e7\u00f5es encaminhadas ao sindicato, j\u00e1 foram demitidos quatro docentes de Ci\u00eancias Cont\u00e1beis, quatro de Direito, quatro de Engenharia da Computa\u00e7\u00e3o, um de Fotografia, quatro de Engenharia de Produ\u00e7\u00e3o, um do curso de Jornalismo, um de Rela\u00e7\u00f5es Internacionais, cinco de Psicologia, dois de Publicidade e Propaganda e dois de Medicina.<\/p>\n<p>A Positivo esperou os professores lan\u00e7arem as notas e faltas do \u00faltimo bimestre de 2020 em seu portal para depois demiti-los. Nesta quinta-feira (10) o Sinpes publicou den\u00fancia de que a universidade n\u00e3o fornecia condi\u00e7\u00f5es t\u00e9cnicas adequadas para que os docentes realizassem o lan\u00e7amento dos dados para o fim do ano letivo. Al\u00e9m disso, o sindicato pediu \u00e0 UP que estendesse o prazo para o lan\u00e7amento no portal. Por\u00e9m, mais uma vez a universidade deu de ombros \u00e0s necessidades dos professores.<\/p>\n<p><strong>Triste sina <\/strong><\/p>\n<p>No dia 16 de julho a Positivo promoveu, por meio de reuni\u00f5es que aconteceram de 10 em 10 minutos, a demiss\u00f5es de centenas de professores e professoras. Na \u00e9poca, os desligamentos se deram nos cursos de Biologia, Design, Direito, Educa\u00e7\u00e3o F\u00edsica, Engenharia, Publicidade e Propaganda, Psicologia, Medicina e Rela\u00e7\u00f5es Internacionais. Na ocasi\u00e3o, perderam emprego docentes tanto de cursos presenciais quanto de EAD. Al\u00e9m disso, a UP fechou ao menos sete cursos presenciais.<\/p>\n<p>Depois das demiss\u00f5es os estudantes da universidade se mobilizaram pedindo um basta no sucateamento da qualidade do ensino oferecido pela UP. De outro lado, o Sinpes realizou reuni\u00f5es e assembleias com professores na tentativa de formular uma proposta de acordo compensat\u00f3rio a ser encaminhada para os representantes da Positivo. Depois de muitas negocia\u00e7\u00f5es, e diante da contraproposta apresentada pela UP, os docentes aprovaram por meio de vota\u00e7\u00e3o a abertura de uma A\u00e7\u00e3o Trabalhista Coletiva.<\/p>\n<p>Comprada pela Cruzeiro do Sul Educacional em dezembro de 2019, quando \u00e0 \u00e9poca tinha cerca de 1,600 empregados e 33 mil alunos, a Universidade Positivo projeta hoje a sombra da mercantiliza\u00e7\u00e3o do ensino promovida por grandes conglomerados educacionais. As mudan\u00e7as, aos poucos implementadas na universidade pelo grupo, que hoje \u00e9 o quinto maior da educa\u00e7\u00e3o privada no pa\u00eds, t\u00eam se refletido em constantes demiss\u00f5es, em redu\u00e7\u00e3o de carga hor\u00e1ria de professores e no fortalecimento da modalidade de Ensino a Dist\u00e2ncia.<\/p>\n<p>O Sinpes far\u00e1 um pedido de informa\u00e7\u00e3o ao Departamento de Recursos Humanos da Universidade Positivo para levantar a quantidade exata de demitidos e em quais cursos eles atuavam.<\/p>\n<!-- AddThis Advanced Settings generic via filter on the_content --><!-- AddThis Share Buttons generic via filter on the_content -->","protected":false},"excerpt":{"rendered":"<p>Mais uma vez a Universidade Positivo promoveu diversas demiss\u00f5es em seu corpo docente. O Sindicato dos Professores de Ensino Superior de Curitiba e Regi\u00e3o Metropolitana &#8211; SINPES recebeu den\u00fancia de que desde a manh\u00e3 desta sexta-feira (11) professores e professoras est\u00e3o sendo desligados da UP. Segundo informa\u00e7\u00f5es encaminhadas ao sindicato, j\u00e1 foram demitidos quatro docentes [&hellip;]<!-- AddThis Advanced Settings generic via filter on wp_trim_excerpt --><!-- AddThis Share Buttons generic via filter on wp_trim_excerpt --><\/p>\n","protected":false},"author":3,"featured_media":0,"comment_status":"closed","ping_status":"open","sticky":false,"template":"","format":"standard","meta":{"footnotes":""},"categories":[7,478,18,13,175],"tags":[560,557,610,536,198],"class_list":["post-3398","post","type-post","status-publish","format-standard","hentry","category-arquivo-de-noticias","category-coronavirus-e-direitos-dos-professores","category-destaque","category-home","category-positivo","tag-cruzeiro-do-sul-educacional","tag-demissoes-na-positivo","tag-mercantilizacao-do-ensino","tag-professores-da-positivo","tag-universidade-positivo"],"_links":{"self":[{"href":"https:\/\/sinpes.org.br\/site\/wp-json\/wp\/v2\/posts\/3398","targetHints":{"allow":["GET"]}}],"collection":[{"href":"https:\/\/sinpes.org.br\/site\/wp-json\/wp\/v2\/posts"}],"about":[{"href":"https:\/\/sinpes.org.br\/site\/wp-json\/wp\/v2\/types\/post"}],"author":[{"embeddable":true,"href":"https:\/\/sinpes.org.br\/site\/wp-json\/wp\/v2\/users\/3"}],"replies":[{"embeddable":true,"href":"https:\/\/sinpes.org.br\/site\/wp-json\/wp\/v2\/comments?post=3398"}],"version-history":[{"count":4,"href":"https:\/\/sinpes.org.br\/site\/wp-json\/wp\/v2\/posts\/3398\/revisions"}],"predecessor-version":[{"id":3404,"href":"https:\/\/sinpes.org.br\/site\/wp-json\/wp\/v2\/posts\/3398\/revisions\/3404"}],"wp:attachment":[{"href":"https:\/\/sinpes.org.br\/site\/wp-json\/wp\/v2\/media?parent=3398"}],"wp:term":[{"taxonomy":"category","embeddable":true,"href":"https:\/\/sinpes.org.br\/site\/wp-json\/wp\/v2\/categories?post=3398"},{"taxonomy":"post_tag","embeddable":true,"href":"https:\/\/sinpes.org.br\/site\/wp-json\/wp\/v2\/tags?post=3398"}],"curies":[{"name":"wp","href":"https:\/\/api.w.org\/{rel}","templated":true}]}}