{"id":3374,"date":"2020-12-01T09:08:52","date_gmt":"2020-12-01T12:08:52","guid":{"rendered":"https:\/\/sinpes.org.br\/site\/?p=3374"},"modified":"2020-12-01T09:08:52","modified_gmt":"2020-12-01T12:08:52","slug":"link-da-reuniao-dos-professores-e-professoras-da-universidade-positivo","status":"publish","type":"post","link":"https:\/\/sinpes.org.br\/site\/link-da-reuniao-dos-professores-e-professoras-da-universidade-positivo\/","title":{"rendered":"Link da reuni\u00e3o dos professores e professoras da Universidade Positivo"},"content":{"rendered":"<div class=\"o9v6fnle cxmmr5t8 oygrvhab hcukyx3x c1et5uql ii04i59q\">\n<div dir=\"auto\">Segue abaixo o link de acesso para a reuni\u00e3o que abordar\u00e1 a proposta de acordo com a Universidade Positivo e a possibilidade de uma A\u00e7\u00e3o Coletiva. A reuni\u00e3o come\u00e7a \u00e0s 11h desta ter\u00e7a-feira (01\/12).<\/div>\n<\/div>\n<div class=\"o9v6fnle cxmmr5t8 oygrvhab hcukyx3x c1et5uql ii04i59q\">\n<div dir=\"auto\">Entrar na reuni\u00e3o Zoom<\/div>\n<div dir=\"auto\"><a class=\"oajrlxb2 g5ia77u1 qu0x051f esr5mh6w e9989ue4 r7d6kgcz rq0escxv nhd2j8a9 nc684nl6 p7hjln8o kvgmc6g5 cxmmr5t8 oygrvhab hcukyx3x jb3vyjys rz4wbd8a qt6c0cv9 a8nywdso i1ao9s8h esuyzwwr f1sip0of lzcic4wl py34i1dx gpro0wi8\" tabindex=\"0\" role=\"link\" href=\"https:\/\/zoom.us\/j\/97524468750?pwd=a1JIaC9QbmErNzUyanM0Y3pjVVJHdz09&amp;fbclid=IwAR28cWVAMMC8c4glRy0TUafTdnPGweeAUW2tt_7rcfLUhISJGPsfYi-Oa9M\" target=\"_blank\" rel=\"nofollow noopener noreferrer\">https:\/\/zoom.us\/j\/97524468750&#8230;<\/a><\/div>\n<\/div>\n<div class=\"o9v6fnle cxmmr5t8 oygrvhab hcukyx3x c1et5uql ii04i59q\">\n<div dir=\"auto\">ID da reuni\u00e3o: 975 2446 8750<\/div>\n<div dir=\"auto\">Senha de acesso: 157070<\/div>\n<\/div>\n<!-- AddThis Advanced Settings generic via filter on the_content --><!-- AddThis Share Buttons generic via filter on the_content -->","protected":false},"excerpt":{"rendered":"<p>Segue abaixo o link de acesso para a reuni\u00e3o que abordar\u00e1 a proposta de acordo com a Universidade Positivo e a possibilidade de uma A\u00e7\u00e3o Coletiva. A reuni\u00e3o come\u00e7a \u00e0s 11h desta ter\u00e7a-feira (01\/12). Entrar na reuni\u00e3o Zoom https:\/\/zoom.us\/j\/97524468750&#8230; ID da reuni\u00e3o: 975 2446 8750 Senha de acesso: 157070<!-- AddThis Advanced Settings generic via filter on wp_trim_excerpt --><!-- AddThis Share Buttons generic via filter on wp_trim_excerpt --><\/p>\n","protected":false},"author":3,"featured_media":0,"comment_status":"closed","ping_status":"open","sticky":false,"template":"","format":"standard","meta":{"footnotes":""},"categories":[7,478,18,13,175],"tags":[],"class_list":["post-3374","post","type-post","status-publish","format-standard","hentry","category-arquivo-de-noticias","category-coronavirus-e-direitos-dos-professores","category-destaque","category-home","category-positivo"],"_links":{"self":[{"href":"https:\/\/sinpes.org.br\/site\/wp-json\/wp\/v2\/posts\/3374","targetHints":{"allow":["GET"]}}],"collection":[{"href":"https:\/\/sinpes.org.br\/site\/wp-json\/wp\/v2\/posts"}],"about":[{"href":"https:\/\/sinpes.org.br\/site\/wp-json\/wp\/v2\/types\/post"}],"author":[{"embeddable":true,"href":"https:\/\/sinpes.org.br\/site\/wp-json\/wp\/v2\/users\/3"}],"replies":[{"embeddable":true,"href":"https:\/\/sinpes.org.br\/site\/wp-json\/wp\/v2\/comments?post=3374"}],"version-history":[{"count":1,"href":"https:\/\/sinpes.org.br\/site\/wp-json\/wp\/v2\/posts\/3374\/revisions"}],"predecessor-version":[{"id":3375,"href":"https:\/\/sinpes.org.br\/site\/wp-json\/wp\/v2\/posts\/3374\/revisions\/3375"}],"wp:attachment":[{"href":"https:\/\/sinpes.org.br\/site\/wp-json\/wp\/v2\/media?parent=3374"}],"wp:term":[{"taxonomy":"category","embeddable":true,"href":"https:\/\/sinpes.org.br\/site\/wp-json\/wp\/v2\/categories?post=3374"},{"taxonomy":"post_tag","embeddable":true,"href":"https:\/\/sinpes.org.br\/site\/wp-json\/wp\/v2\/tags?post=3374"}],"curies":[{"name":"wp","href":"https:\/\/api.w.org\/{rel}","templated":true}]}}