{"id":3372,"date":"2020-11-30T14:20:48","date_gmt":"2020-11-30T17:20:48","guid":{"rendered":"https:\/\/sinpes.org.br\/site\/?p=3372"},"modified":"2020-11-30T14:20:48","modified_gmt":"2020-11-30T17:20:48","slug":"sinpes-convida-docentes-da-positivo-para-nova-reuniao","status":"publish","type":"post","link":"https:\/\/sinpes.org.br\/site\/sinpes-convida-docentes-da-positivo-para-nova-reuniao\/","title":{"rendered":"Sinpes convida docentes da Positivo para nova reuni\u00e3o"},"content":{"rendered":"<p style=\"text-align: justify; line-height: 150%; background: white; margin: 4.5pt 0cm 4.5pt 0cm;\"><span style=\"font-size: 11.0pt; line-height: 150%; font-family: 'Arial',sans-serif; color: #1c1e21;\">No dia 26\/11 o SINPES realizou uma Assembleia com professores e professoras, ex-professores e ex-professoras da Universidade Positivo para tratar sobre a proposta de Acordo Coletivo de Trabalho apresentada \u00e0 Cruzeiro do Sul e tamb\u00e9m para consultar os docentes sobre a abertura de uma A\u00e7\u00e3o Coletiva contra o grupo que hoje administra a UP em face das centenas de demiss\u00f5es ao final do primeiro semestre letivo. <\/span><\/p>\n<p style=\"text-align: justify; line-height: 150%; background: white; margin: 4.5pt 0cm 4.5pt 0cm;\"><span style=\"font-size: 11.0pt; line-height: 150%; font-family: 'Arial',sans-serif; color: #1c1e21;\">Por\u00e9m, muitos professores n\u00e3o tiveram conhecimento da realiza\u00e7\u00e3o da Assembleia. Assim, diante da import\u00e2ncia de maior participa\u00e7\u00e3o da categoria nesta decis\u00e3o, a assembleia ficou prorrogada e haver\u00e1 nova sess\u00e3o de discuss\u00e3o e esclarecimentos nesta ter\u00e7a-feira (01\/12), \u00e0s 11h. O link de acesso para esta nova reuni\u00e3o ser\u00e1 disponibilizados no Facebook do sindicato e tamb\u00e9m no seu site <a href=\"http:\/\/www.sinpes.org.br\">www.sinpes.org.br<\/a> a partir das 9h de ter\u00e7a-feira (01\/12). <\/span><\/p>\n<!-- AddThis Advanced Settings generic via filter on the_content --><!-- AddThis Share Buttons generic via filter on the_content -->","protected":false},"excerpt":{"rendered":"<p>No dia 26\/11 o SINPES realizou uma Assembleia com professores e professoras, ex-professores e ex-professoras da Universidade Positivo para tratar sobre a proposta de Acordo Coletivo de Trabalho apresentada \u00e0 Cruzeiro do Sul e tamb\u00e9m para consultar os docentes sobre a abertura de uma A\u00e7\u00e3o Coletiva contra o grupo que hoje administra a UP em [&hellip;]<!-- AddThis Advanced Settings generic via filter on wp_trim_excerpt --><!-- AddThis Share Buttons generic via filter on wp_trim_excerpt --><\/p>\n","protected":false},"author":3,"featured_media":0,"comment_status":"closed","ping_status":"open","sticky":false,"template":"","format":"standard","meta":{"footnotes":""},"categories":[7,478,18,13,175],"tags":[587,540,536,601,198],"class_list":["post-3372","post","type-post","status-publish","format-standard","hentry","category-arquivo-de-noticias","category-coronavirus-e-direitos-dos-professores","category-destaque","category-home","category-positivo","tag-acordo-positivo","tag-cruzeiro-do-sul","tag-professores-da-positivo","tag-reuniao-positivo","tag-universidade-positivo"],"_links":{"self":[{"href":"https:\/\/sinpes.org.br\/site\/wp-json\/wp\/v2\/posts\/3372","targetHints":{"allow":["GET"]}}],"collection":[{"href":"https:\/\/sinpes.org.br\/site\/wp-json\/wp\/v2\/posts"}],"about":[{"href":"https:\/\/sinpes.org.br\/site\/wp-json\/wp\/v2\/types\/post"}],"author":[{"embeddable":true,"href":"https:\/\/sinpes.org.br\/site\/wp-json\/wp\/v2\/users\/3"}],"replies":[{"embeddable":true,"href":"https:\/\/sinpes.org.br\/site\/wp-json\/wp\/v2\/comments?post=3372"}],"version-history":[{"count":1,"href":"https:\/\/sinpes.org.br\/site\/wp-json\/wp\/v2\/posts\/3372\/revisions"}],"predecessor-version":[{"id":3373,"href":"https:\/\/sinpes.org.br\/site\/wp-json\/wp\/v2\/posts\/3372\/revisions\/3373"}],"wp:attachment":[{"href":"https:\/\/sinpes.org.br\/site\/wp-json\/wp\/v2\/media?parent=3372"}],"wp:term":[{"taxonomy":"category","embeddable":true,"href":"https:\/\/sinpes.org.br\/site\/wp-json\/wp\/v2\/categories?post=3372"},{"taxonomy":"post_tag","embeddable":true,"href":"https:\/\/sinpes.org.br\/site\/wp-json\/wp\/v2\/tags?post=3372"}],"curies":[{"name":"wp","href":"https:\/\/api.w.org\/{rel}","templated":true}]}}