{"id":3370,"date":"2020-11-27T13:58:56","date_gmt":"2020-11-27T16:58:56","guid":{"rendered":"https:\/\/sinpes.org.br\/site\/?p=3370"},"modified":"2020-11-27T13:58:56","modified_gmt":"2020-11-27T16:58:56","slug":"nota-de-solidariedade-aos-professores-e-professoras-do-parana","status":"publish","type":"post","link":"https:\/\/sinpes.org.br\/site\/nota-de-solidariedade-aos-professores-e-professoras-do-parana\/","title":{"rendered":"Nota de Solidariedade aos professores e professoras do Paran\u00e1"},"content":{"rendered":"<p>O Sindicato dos Professores de Ensino Superior de Curitiba e Regi\u00e3o Metropolitana &#8211; SINPES vem a p\u00fablico prestar solidariedade a professores, professoras e demais trabalhadores da rede estadual de educa\u00e7\u00e3o do Paran\u00e1. Ontem (26\/11) um grupo de trabalhadores da educa\u00e7\u00e3o encerrou uma greve de fome que se estendeu por oito dias em frente ao Pal\u00e1cio Igua\u00e7u, sede do governo paranaense. A a\u00e7\u00e3o fazia parte da luta travada pela categoria, representada pela APP-Sindicato, contra a realiza\u00e7\u00e3o do Edital 47 de Processo Seletivo Simplificado (PSS).<br \/>\nO Edital, criado pelo governador Ratinho Junior e pelo secret\u00e1rio Renato Feder, muda o processo seletivo para a contrata\u00e7\u00e3o de cargos tempor\u00e1rios na rede estadual de educa\u00e7\u00e3o. Ele prev\u00ea, para dezembro, uma prova presencial da qual participar\u00e3o quase 50 mil candidatos em pleno crescimento do n\u00famero de cont\u00e1gios e de mortes por Covid -19. Al\u00e9m disso, apenas 4 mil vagas foram abertas, hoje o Paran\u00e1 conta com cerca de 33 mil PSSs, ou seja, o governo do estado automaticamente jogar\u00e1 29 mil trabalhadores no desemprego em 2021.<br \/>\nRatinho J\u00fanior e Renato Feder deram de ombros aos grevistas que \u00e0s portas do Pal\u00e1cio Igua\u00e7u agonizaram sem alimentos por oito dias. A falta de di\u00e1logo do governo prejudica os trabalhadores, coloca vidas em risco, prejudica consideravelmente a economia de quase 30 mil fam\u00edlias e tamb\u00e9m a qualidade da educa\u00e7\u00e3o dispensada aos estudantes do Paran\u00e1. Professores e professoras merecem respeito e valoriza\u00e7\u00e3o, n\u00fameros e \u00edndices n\u00e3o formam pessoas, docentes sim.<br \/>\nDiretoria do Sinpes<\/p>\n<!-- AddThis Advanced Settings generic via filter on the_content --><!-- AddThis Share Buttons generic via filter on the_content -->","protected":false},"excerpt":{"rendered":"<p>O Sindicato dos Professores de Ensino Superior de Curitiba e Regi\u00e3o Metropolitana &#8211; SINPES vem a p\u00fablico prestar solidariedade a professores, professoras e demais trabalhadores da rede estadual de educa\u00e7\u00e3o do Paran\u00e1. Ontem (26\/11) um grupo de trabalhadores da educa\u00e7\u00e3o encerrou uma greve de fome que se estendeu por oito dias em frente ao Pal\u00e1cio [&hellip;]<!-- AddThis Advanced Settings generic via filter on wp_trim_excerpt --><!-- AddThis Share Buttons generic via filter on wp_trim_excerpt --><\/p>\n","protected":false},"author":3,"featured_media":0,"comment_status":"closed","ping_status":"open","sticky":false,"template":"","format":"standard","meta":{"footnotes":""},"categories":[7,478,18],"tags":[565,455,409,599,472,600],"class_list":["post-3370","post","type-post","status-publish","format-standard","hentry","category-arquivo-de-noticias","category-coronavirus-e-direitos-dos-professores","category-destaque","tag-educacao-publica","tag-nota","tag-nota-de-apoio","tag-nota-de-solidariedade","tag-pandemia","tag-professores-do-parana"],"_links":{"self":[{"href":"https:\/\/sinpes.org.br\/site\/wp-json\/wp\/v2\/posts\/3370","targetHints":{"allow":["GET"]}}],"collection":[{"href":"https:\/\/sinpes.org.br\/site\/wp-json\/wp\/v2\/posts"}],"about":[{"href":"https:\/\/sinpes.org.br\/site\/wp-json\/wp\/v2\/types\/post"}],"author":[{"embeddable":true,"href":"https:\/\/sinpes.org.br\/site\/wp-json\/wp\/v2\/users\/3"}],"replies":[{"embeddable":true,"href":"https:\/\/sinpes.org.br\/site\/wp-json\/wp\/v2\/comments?post=3370"}],"version-history":[{"count":1,"href":"https:\/\/sinpes.org.br\/site\/wp-json\/wp\/v2\/posts\/3370\/revisions"}],"predecessor-version":[{"id":3371,"href":"https:\/\/sinpes.org.br\/site\/wp-json\/wp\/v2\/posts\/3370\/revisions\/3371"}],"wp:attachment":[{"href":"https:\/\/sinpes.org.br\/site\/wp-json\/wp\/v2\/media?parent=3370"}],"wp:term":[{"taxonomy":"category","embeddable":true,"href":"https:\/\/sinpes.org.br\/site\/wp-json\/wp\/v2\/categories?post=3370"},{"taxonomy":"post_tag","embeddable":true,"href":"https:\/\/sinpes.org.br\/site\/wp-json\/wp\/v2\/tags?post=3370"}],"curies":[{"name":"wp","href":"https:\/\/api.w.org\/{rel}","templated":true}]}}