{"id":337,"date":"2014-11-06T16:18:56","date_gmt":"2014-11-06T18:18:56","guid":{"rendered":"http:\/\/sinpes.org.br\/site\/?p=337"},"modified":"2017-11-15T18:40:55","modified_gmt":"2017-11-15T20:40:55","slug":"professores-da-fepar-podem-iniciar-paralisacao-de-suas-atividades-no-dia-10-de-novembro","status":"publish","type":"post","link":"https:\/\/sinpes.org.br\/site\/professores-da-fepar-podem-iniciar-paralisacao-de-suas-atividades-no-dia-10-de-novembro\/","title":{"rendered":"Professores da Fepar podem iniciar paralisa\u00e7\u00e3o de suas atividades no dia 10 de novembro"},"content":{"rendered":"<p style=\"text-align: justify;\">Os preju\u00edzos causados pelos atrasos consecutivos dos sal\u00e1rios e a falta de recolhimento de FGTS aglutinaram, mais uma vez, professores, alunos e entidades profissionais e estudantis interessadas na excel\u00eancia do ensino na <strong>Faculdade Evang\u00e9lica do Paran\u00e1<\/strong> (<strong>Fepar<\/strong>). <!--more-->Em reuni\u00e3o realizada no dia 18 de setembro no Hotel Rayon Deville, decidiram pela realiza\u00e7\u00e3o de nova reuni\u00e3o de mobiliza\u00e7\u00e3o no dia 08 de novembro de 2014 \u00e0s 11h00min no mesmo local, oportunidade em que ser\u00e1 discutida a possibilidade de ser deflagrada greve de advert\u00eancia no dia 10 de novembro de 2014 se n\u00e3o forem pagos os sal\u00e1rios de outubro at\u00e9 o quinto dia \u00fatil do m\u00eas de novembro.<\/p>\n<p style=\"text-align: justify;\">Na ocasi\u00e3o foi deliberado tamb\u00e9m que o Sinpes (Sindicato dos Professores de Ensino Superior de Curitiba), o SIMEPAR (Sindicato dos M\u00e9dicos no Estado do Paran\u00e1) e as entidades estudantis que quisessem aderir \u00e0 iniciativa denunciariam os recorrentes atrasos salariais ao Minist\u00e9rio P\u00fablico do Trabalho, para que fosse promovida investiga\u00e7\u00e3o sobre o assunto.<\/p>\n<p style=\"text-align: justify;\">Segundo os presentes, a capacidade de investiga\u00e7\u00e3o do MPT \u00e9 imprescind\u00edvel para que se verifique a real situa\u00e7\u00e3o financeira da Sociedade Evang\u00e9lica e para auxiliar na separa\u00e7\u00e3o or\u00e7ament\u00e1ria entre a institui\u00e7\u00e3o de ensino e o Hospital Evang\u00e9lico, colaborando assim, para solucionar definitivamente a situa\u00e7\u00e3o do atraso no pagamento dos sal\u00e1rios dos empregados.<\/p>\n<p style=\"text-align: justify;\">A den\u00fancia j\u00e1 foi protocolada e contou com a ades\u00e3o do Diret\u00f3rio de Medicina Veterin\u00e1ria.<\/p>\n<p style=\"text-align: justify;\">Em reuni\u00e3o interna realizada na semana passada, um n\u00famero expressivo de professores do Curso de Medicina Veterin\u00e1ria firmou documento adiantando sua posi\u00e7\u00e3o para a mobiliza\u00e7\u00e3o do dia 08 de novembro. Estes docentes garantiram sua ades\u00e3o ao movimento e sugerem a paralisa\u00e7\u00e3o inicial de suas atividades em datas pr\u00e9-agendadas para os dias 10 de novembro, 1\u00ba de dezembro e 8 de dezembro, se n\u00e3o houver o pagamento dos sal\u00e1rios de outubro at\u00e9 07 de novembro de 2014 da primeira parcela do 13\u00ba sal\u00e1rio at\u00e9 30 de novembro e, de novembro, at\u00e9 05 de dezembro de 2014.<\/p>\n<p style=\"text-align: justify;\">A partir do in\u00edcio do primeiro semestre letivo de 2015 a paralisa\u00e7\u00e3o pode ocorrer por tempo indeterminado se n\u00e3o estiverem quitados os compromissos salariais exig\u00edveis a partir de 20 de dezembro de 2014 (segunda parcela do 13\u00ba sal\u00e1rio).<\/p>\n<p style=\"text-align: justify;\">At\u00e9 o momento, a Sociedade Evang\u00e9lica limitou-se a alegar dificuldades financeiras de forma evasiva, na tentativa de se esquivar da responsabilidade pela mora no pagamento dos sal\u00e1rios dos empregados e do cumprimento dos seus d\u00e9bitos trabalhistas. A cogita\u00e7\u00e3o no sentido de reajustar as mensalidades discentes em patamares proibitivos, bem acima dos \u00edndices oficiais de infla\u00e7\u00e3o e de aumentar abusivamente o n\u00famero de vagas dispon\u00edveis para ingresso nos cursos superiores, tende a agravar o problema social subjacente e atenta contra a excel\u00eancia do ensino.<\/p>\n<p style=\"text-align: justify;\">Recentemente a 7\u00aa Turma do Tribunal Regional do Trabalho da 9\u00aa Regi\u00e3o mandou arquivar um processo do Sinpes cobrando multas pelo pagamento atrasado dos sal\u00e1rios e pleiteando dep\u00f3sitos do FGTS n\u00e3o recolhidos porque entendeu que n\u00e3o era cab\u00edvel a representa\u00e7\u00e3o dos professores por sua entidade sindical. A surpreendente decis\u00e3o contraria a jurisprud\u00eancia predominante sobre o assunto e agravou o problema dos atrasos salariais. Em tempo recorde foi reformada pelo Tribunal Superior do Trabalho da 9\u00aa Regi\u00e3o, que em Ac\u00f3rd\u00e3o do Ministro Maur\u00edcio Godinho Delgado determinou que o processo retornasse \u00e0 primeira inst\u00e2ncia para ser julgado no m\u00e9rito, o que ocorreu no dia 30 de outubro de 2014.<\/p>\n<p style=\"text-align: justify;\"><strong>O Sinpes convida todos os integrantes da comunidade acad\u00eamica interessados na excel\u00eancia do ensino para que compare\u00e7am \u00e0 reuni\u00e3o de mobiliza\u00e7\u00e3o no dia 08 de novembro de 2014, \u00e0s 11h00min no Hotel Deville Rayon, situado na Rua <\/strong><strong>Visconde de N\u00e1car, 142.<\/strong><\/p>\n<!-- AddThis Advanced Settings generic via filter on the_content --><!-- AddThis Share Buttons generic via filter on the_content -->","protected":false},"excerpt":{"rendered":"<p>Os preju\u00edzos causados pelos atrasos consecutivos dos sal\u00e1rios e a falta de recolhimento de FGTS aglutinaram, mais uma vez, professores, alunos e entidades profissionais e estudantis interessadas na excel\u00eancia do ensino na Faculdade Evang\u00e9lica do Paran\u00e1 (Fepar).<!-- AddThis Advanced Settings generic via filter on wp_trim_excerpt --><!-- AddThis Share Buttons generic via filter on wp_trim_excerpt --><\/p>\n","protected":false},"author":2,"featured_media":0,"comment_status":"closed","ping_status":"open","sticky":false,"template":"","format":"standard","meta":{"footnotes":""},"categories":[18,20,13],"tags":[64,21,22],"class_list":["post-337","post","type-post","status-publish","format-standard","hentry","category-destaque","category-fepar","category-home","tag-fepar","tag-paralisacao","tag-professores"],"_links":{"self":[{"href":"https:\/\/sinpes.org.br\/site\/wp-json\/wp\/v2\/posts\/337","targetHints":{"allow":["GET"]}}],"collection":[{"href":"https:\/\/sinpes.org.br\/site\/wp-json\/wp\/v2\/posts"}],"about":[{"href":"https:\/\/sinpes.org.br\/site\/wp-json\/wp\/v2\/types\/post"}],"author":[{"embeddable":true,"href":"https:\/\/sinpes.org.br\/site\/wp-json\/wp\/v2\/users\/2"}],"replies":[{"embeddable":true,"href":"https:\/\/sinpes.org.br\/site\/wp-json\/wp\/v2\/comments?post=337"}],"version-history":[{"count":0,"href":"https:\/\/sinpes.org.br\/site\/wp-json\/wp\/v2\/posts\/337\/revisions"}],"wp:attachment":[{"href":"https:\/\/sinpes.org.br\/site\/wp-json\/wp\/v2\/media?parent=337"}],"wp:term":[{"taxonomy":"category","embeddable":true,"href":"https:\/\/sinpes.org.br\/site\/wp-json\/wp\/v2\/categories?post=337"},{"taxonomy":"post_tag","embeddable":true,"href":"https:\/\/sinpes.org.br\/site\/wp-json\/wp\/v2\/tags?post=337"}],"curies":[{"name":"wp","href":"https:\/\/api.w.org\/{rel}","templated":true}]}}