{"id":3366,"date":"2020-11-26T08:41:03","date_gmt":"2020-11-26T11:41:03","guid":{"rendered":"https:\/\/sinpes.org.br\/site\/?p=3366"},"modified":"2020-11-26T08:41:03","modified_gmt":"2020-11-26T11:41:03","slug":"link-de-acesso-para-assembleia-dos-professores-e-professoras-da-positivo","status":"publish","type":"post","link":"https:\/\/sinpes.org.br\/site\/link-de-acesso-para-assembleia-dos-professores-e-professoras-da-positivo\/","title":{"rendered":"Link de acesso para Assembleia dos professores e professoras da Positivo"},"content":{"rendered":"<p>Segue abaixo link e senha de acesso para Assembleia Virtual dos professores e professoras da Universidade Positivo.<\/p>\n<p>A Assembleia, que come\u00e7a \u00e0s 10h30 em primeira chamada e \u00e0s 11h em segunda chamada nesta quinta-feira (26\/11\/2020), tem como pauta:<\/p>\n<p>1 \u2013 Reaprecia\u00e7\u00e3o de proposta patronal para celebra\u00e7\u00e3o de Acordo Coletivo de Traba<span class=\"text_exposed_show\">lho com o Positivo;<\/span><\/p>\n<div class=\"text_exposed_show\">\n<p>2 \u2013 Autoriza\u00e7\u00e3o para celebrar Acordo Coletivo de Trabalho em caso de concord\u00e2ncia com a proposta;<\/p>\n<p>3 \u2013 Discuss\u00e3o de medidas a serem adotadas pelo Sinpes em caso de n\u00e3o aprova\u00e7\u00e3o de acordo, tais como ajuizamento de A\u00e7\u00e3o Civil P\u00fablica e outras alternativas;<\/p>\n<p>4 &#8211; Assuntos Gerais.<\/p>\n<p>Acesso:<\/p>\n<p>Entrar na reuni\u00e3o Zoom<br \/>\nhttps:\/\/zoom.us\/j\/99149960066?pwd=cFZTK3c3RFEveDNheTc5SU5mSUtKUT09<\/p>\n<p>ID da reuni\u00e3o: 991 4996 0066<br \/>\nSenha de acesso: 296333<\/p>\n<\/div>\n<!-- AddThis Advanced Settings generic via filter on the_content --><!-- AddThis Share Buttons generic via filter on the_content -->","protected":false},"excerpt":{"rendered":"<p>Segue abaixo link e senha de acesso para Assembleia Virtual dos professores e professoras da Universidade Positivo. A Assembleia, que come\u00e7a \u00e0s 10h30 em primeira chamada e \u00e0s 11h em segunda chamada nesta quinta-feira (26\/11\/2020), tem como pauta: 1 \u2013 Reaprecia\u00e7\u00e3o de proposta patronal para celebra\u00e7\u00e3o de Acordo Coletivo de Trabalho com o Positivo; 2 [&hellip;]<!-- AddThis Advanced Settings generic via filter on wp_trim_excerpt --><!-- AddThis Share Buttons generic via filter on wp_trim_excerpt --><\/p>\n","protected":false},"author":3,"featured_media":0,"comment_status":"closed","ping_status":"open","sticky":false,"template":"","format":"standard","meta":{"footnotes":""},"categories":[7,18,13,175],"tags":[305,515,128,198],"class_list":["post-3366","post","type-post","status-publish","format-standard","hentry","category-arquivo-de-noticias","category-destaque","category-home","category-positivo","tag-assembleia","tag-assembleia-virtual","tag-positivo","tag-universidade-positivo"],"_links":{"self":[{"href":"https:\/\/sinpes.org.br\/site\/wp-json\/wp\/v2\/posts\/3366","targetHints":{"allow":["GET"]}}],"collection":[{"href":"https:\/\/sinpes.org.br\/site\/wp-json\/wp\/v2\/posts"}],"about":[{"href":"https:\/\/sinpes.org.br\/site\/wp-json\/wp\/v2\/types\/post"}],"author":[{"embeddable":true,"href":"https:\/\/sinpes.org.br\/site\/wp-json\/wp\/v2\/users\/3"}],"replies":[{"embeddable":true,"href":"https:\/\/sinpes.org.br\/site\/wp-json\/wp\/v2\/comments?post=3366"}],"version-history":[{"count":1,"href":"https:\/\/sinpes.org.br\/site\/wp-json\/wp\/v2\/posts\/3366\/revisions"}],"predecessor-version":[{"id":3367,"href":"https:\/\/sinpes.org.br\/site\/wp-json\/wp\/v2\/posts\/3366\/revisions\/3367"}],"wp:attachment":[{"href":"https:\/\/sinpes.org.br\/site\/wp-json\/wp\/v2\/media?parent=3366"}],"wp:term":[{"taxonomy":"category","embeddable":true,"href":"https:\/\/sinpes.org.br\/site\/wp-json\/wp\/v2\/categories?post=3366"},{"taxonomy":"post_tag","embeddable":true,"href":"https:\/\/sinpes.org.br\/site\/wp-json\/wp\/v2\/tags?post=3366"}],"curies":[{"name":"wp","href":"https:\/\/api.w.org\/{rel}","templated":true}]}}