{"id":3346,"date":"2020-10-29T13:43:02","date_gmt":"2020-10-29T16:43:02","guid":{"rendered":"https:\/\/sinpes.org.br\/site\/?p=3346"},"modified":"2020-10-29T13:43:02","modified_gmt":"2020-10-29T16:43:02","slug":"link-de-acesso-para-a-assembleia-do-sinpes","status":"publish","type":"post","link":"https:\/\/sinpes.org.br\/site\/link-de-acesso-para-a-assembleia-do-sinpes\/","title":{"rendered":"Link de Acesso para a Assembleia do Sinpes"},"content":{"rendered":"<p>Segue abaixo o link para a Assembleia do Sindicato dos Professores de Ensino Superior de Curitiba e Regi\u00e3o Metropolitana &#8211; Sinpes. A Assembleia acontece nesta sexta-feira 30\/10 com primeira chamada \u00e0s 10h e segunda chamada \u00e0s 10h30.<\/p>\n<p>Na Pauta:<\/p>\n<p>1 &#8211; Aprova\u00e7\u00e3o \u00a0\u00a0da\u00a0 Conven\u00e7\u00e3o Coletiva de Trabalho 2020\/2022;<\/p>\n<p>2\u00a0 &#8211; Ratifica\u00e7\u00e3o da contribui\u00e7\u00e3o negocial correspondente;<\/p>\n<p>3 &#8211;\u00a0 Assuntos Gerais.<\/p>\n<p><strong>Entrar na reuni\u00e3o Zoom:<\/strong><br \/>\nhttps:\/\/zoom.us\/j\/96323590073?pwd=enkyeE96Z01IRFRFRmx6aFcwYlRrUT09<\/p>\n<p><strong>ID da reuni\u00e3o:<\/strong> 963 2359 0073<br \/>\n<strong>Senha de acesso:<\/strong> 301633<\/p>\n<!-- AddThis Advanced Settings generic via filter on the_content --><!-- AddThis Share Buttons generic via filter on the_content -->","protected":false},"excerpt":{"rendered":"<p>Segue abaixo o link para a Assembleia do Sindicato dos Professores de Ensino Superior de Curitiba e Regi\u00e3o Metropolitana &#8211; Sinpes. A Assembleia acontece nesta sexta-feira 30\/10 com primeira chamada \u00e0s 10h e segunda chamada \u00e0s 10h30. Na Pauta: 1 &#8211; Aprova\u00e7\u00e3o \u00a0\u00a0da\u00a0 Conven\u00e7\u00e3o Coletiva de Trabalho 2020\/2022; 2\u00a0 &#8211; Ratifica\u00e7\u00e3o da contribui\u00e7\u00e3o negocial correspondente; [&hellip;]<!-- AddThis Advanced Settings generic via filter on wp_trim_excerpt --><!-- AddThis Share Buttons generic via filter on wp_trim_excerpt --><\/p>\n","protected":false},"author":3,"featured_media":0,"comment_status":"closed","ping_status":"open","sticky":false,"template":"","format":"standard","meta":{"footnotes":""},"categories":[7,478,18,13],"tags":[305,60,515,392,569],"class_list":["post-3346","post","type-post","status-publish","format-standard","hentry","category-arquivo-de-noticias","category-coronavirus-e-direitos-dos-professores","category-destaque","category-home","tag-assembleia","tag-assembleia-geral","tag-assembleia-virtual","tag-convencao-coletiva","tag-link-de-acesso"],"_links":{"self":[{"href":"https:\/\/sinpes.org.br\/site\/wp-json\/wp\/v2\/posts\/3346","targetHints":{"allow":["GET"]}}],"collection":[{"href":"https:\/\/sinpes.org.br\/site\/wp-json\/wp\/v2\/posts"}],"about":[{"href":"https:\/\/sinpes.org.br\/site\/wp-json\/wp\/v2\/types\/post"}],"author":[{"embeddable":true,"href":"https:\/\/sinpes.org.br\/site\/wp-json\/wp\/v2\/users\/3"}],"replies":[{"embeddable":true,"href":"https:\/\/sinpes.org.br\/site\/wp-json\/wp\/v2\/comments?post=3346"}],"version-history":[{"count":1,"href":"https:\/\/sinpes.org.br\/site\/wp-json\/wp\/v2\/posts\/3346\/revisions"}],"predecessor-version":[{"id":3347,"href":"https:\/\/sinpes.org.br\/site\/wp-json\/wp\/v2\/posts\/3346\/revisions\/3347"}],"wp:attachment":[{"href":"https:\/\/sinpes.org.br\/site\/wp-json\/wp\/v2\/media?parent=3346"}],"wp:term":[{"taxonomy":"category","embeddable":true,"href":"https:\/\/sinpes.org.br\/site\/wp-json\/wp\/v2\/categories?post=3346"},{"taxonomy":"post_tag","embeddable":true,"href":"https:\/\/sinpes.org.br\/site\/wp-json\/wp\/v2\/tags?post=3346"}],"curies":[{"name":"wp","href":"https:\/\/api.w.org\/{rel}","templated":true}]}}