{"id":3329,"date":"2020-09-24T14:13:57","date_gmt":"2020-09-24T17:13:57","guid":{"rendered":"https:\/\/sinpes.org.br\/site\/?p=3329"},"modified":"2020-09-24T14:13:57","modified_gmt":"2020-09-24T17:13:57","slug":"link-de-acesso-para-a-assembleia-com-professoras-e-professores-da-positivo","status":"publish","type":"post","link":"https:\/\/sinpes.org.br\/site\/link-de-acesso-para-a-assembleia-com-professoras-e-professores-da-positivo\/","title":{"rendered":"Link de acesso para a Assembleia com Professoras e Professores da Positivo"},"content":{"rendered":"<p>Segue o link e a senha de acesso para a Assembleia Geral Virtual dos professores e ex-professores e as professoras e ex-professoras da Universidade Positivo que ser\u00e1 realizada nesta sexta-feira 25\/09\/2020 \u00e0s 10h30 em primeira chamada e \u00e0s 11h em segunda chamada. A Assembleia discutir\u00e1 a nova proposta de acordo conciliat\u00f3rio enviada ao Sinpes pela Cruzeiro do Sul Educacional.<\/p>\n<p><strong>Link de acesso:<\/strong> <a href=\"https:\/\/zoom.us\/j\/93124335418?pwd=NDBZLzZuMEozUzBaYUpMMjJ2eHAzZz09\">https:\/\/zoom.us\/j\/93124335418?pwd=NDBZLzZuMEozUzBaYUpMMjJ2eHAzZz09<\/a><\/p>\n<p><strong>ID da reuni\u00e3o:<\/strong> 931 2433 5418<\/p>\n<p><strong>Senha de acesso:<\/strong> 168019<\/p>\n<!-- AddThis Advanced Settings generic via filter on the_content --><!-- AddThis Share Buttons generic via filter on the_content -->","protected":false},"excerpt":{"rendered":"<p>Segue o link e a senha de acesso para a Assembleia Geral Virtual dos professores e ex-professores e as professoras e ex-professoras da Universidade Positivo que ser\u00e1 realizada nesta sexta-feira 25\/09\/2020 \u00e0s 10h30 em primeira chamada e \u00e0s 11h em segunda chamada. A Assembleia discutir\u00e1 a nova proposta de acordo conciliat\u00f3rio enviada ao Sinpes pela [&hellip;]<!-- AddThis Advanced Settings generic via filter on wp_trim_excerpt --><!-- AddThis Share Buttons generic via filter on wp_trim_excerpt --><\/p>\n","protected":false},"author":3,"featured_media":0,"comment_status":"closed","ping_status":"open","sticky":false,"template":"","format":"standard","meta":{"footnotes":""},"categories":[7,478,18,13,175],"tags":[39,562,560,557,536,198],"class_list":["post-3329","post","type-post","status-publish","format-standard","hentry","category-arquivo-de-noticias","category-coronavirus-e-direitos-dos-professores","category-destaque","category-home","category-positivo","tag-acordo","tag-assembleia-positivo","tag-cruzeiro-do-sul-educacional","tag-demissoes-na-positivo","tag-professores-da-positivo","tag-universidade-positivo"],"_links":{"self":[{"href":"https:\/\/sinpes.org.br\/site\/wp-json\/wp\/v2\/posts\/3329","targetHints":{"allow":["GET"]}}],"collection":[{"href":"https:\/\/sinpes.org.br\/site\/wp-json\/wp\/v2\/posts"}],"about":[{"href":"https:\/\/sinpes.org.br\/site\/wp-json\/wp\/v2\/types\/post"}],"author":[{"embeddable":true,"href":"https:\/\/sinpes.org.br\/site\/wp-json\/wp\/v2\/users\/3"}],"replies":[{"embeddable":true,"href":"https:\/\/sinpes.org.br\/site\/wp-json\/wp\/v2\/comments?post=3329"}],"version-history":[{"count":1,"href":"https:\/\/sinpes.org.br\/site\/wp-json\/wp\/v2\/posts\/3329\/revisions"}],"predecessor-version":[{"id":3330,"href":"https:\/\/sinpes.org.br\/site\/wp-json\/wp\/v2\/posts\/3329\/revisions\/3330"}],"wp:attachment":[{"href":"https:\/\/sinpes.org.br\/site\/wp-json\/wp\/v2\/media?parent=3329"}],"wp:term":[{"taxonomy":"category","embeddable":true,"href":"https:\/\/sinpes.org.br\/site\/wp-json\/wp\/v2\/categories?post=3329"},{"taxonomy":"post_tag","embeddable":true,"href":"https:\/\/sinpes.org.br\/site\/wp-json\/wp\/v2\/tags?post=3329"}],"curies":[{"name":"wp","href":"https:\/\/api.w.org\/{rel}","templated":true}]}}