{"id":3327,"date":"2020-09-24T09:24:45","date_gmt":"2020-09-24T12:24:45","guid":{"rendered":"https:\/\/sinpes.org.br\/site\/?p=3327"},"modified":"2020-09-24T09:24:45","modified_gmt":"2020-09-24T12:24:45","slug":"professoras-e-professores-da-fesp-aprovam-prorrogacao-de-acordo","status":"publish","type":"post","link":"https:\/\/sinpes.org.br\/site\/professoras-e-professores-da-fesp-aprovam-prorrogacao-de-acordo\/","title":{"rendered":"Professoras e professores da Fesp aprovam prorroga\u00e7\u00e3o de acordo"},"content":{"rendered":"<p>No \u00faltimo dia 11\/09 o Sindicato dos Professores de Ensino Superior de Curitiba e Regi\u00e3o Metropolitana \u2013 Sinpes, realizou uma Assembleia Geral Virtual com os professores e professoras da Funda\u00e7\u00e3o de Estudos Sociais do Paran\u00e1 (Fesp). Na pauta a aprova\u00e7\u00e3o da prorroga\u00e7\u00e3o de acordo celebrado com a institui\u00e7\u00e3o.<\/p>\n<p>Na Assembleia, o sindicato apresentou o acordo alinhavado com a Fesp para prorrogar o pagamento parcial dos sal\u00e1rios at\u00e9 o final do ano j\u00e1 que n\u00e3o foi poss\u00edvel concretizar a venda do im\u00f3vel da Fesp em face da pandemia e da demora na libera\u00e7\u00e3o da venda por parte do Minist\u00e9rio P\u00fablico.<\/p>\n<p>Para minimizar os preju\u00edzos dos professores as partes decidiram enquadrar o ajuste na Lei 14.020, que regulamenta a concess\u00e3o de benef\u00edcios provis\u00f3rios aos trabalhadores enquanto subsistem os efeitos da pandemia do Coronav\u00edrus, o que significar\u00e1 um complemento na renda aos docentes.<\/p>\n<p>No mais, subsiste o mecanismo do acordo anterior. Com a venda do im\u00f3vel ou a obten\u00e7\u00e3o de recursos por meio de outras fontes, o montante obtido ser\u00e1 utilizado para pagar os valores devidos aos professores e professoras, abatidos os valores j\u00e1 quitados diretamente assim como aqueles auferidos em face do benef\u00edcio governamental.<\/p>\n<p>Segundo a vis\u00e3o da Diretoria do Sinpes e dos professores que compareceram \u00e0 assembleia, promover desde logo a execu\u00e7\u00e3o dos valores devidos como previa o primeiro ajuste celebrado anteciparia a inviabiliza\u00e7\u00e3o da institui\u00e7\u00e3o de ensino superior, ensejando eventual venda do im\u00f3vel por quantia inferior ao seu valor de mercado. Diante dessa conjuntura desfavor\u00e1vel reputou-se mais prudente prorrogar o acordo, dando mais esse f\u00f4lego para a empregadora.<\/p>\n<p>Prossegue assim o esfor\u00e7o de todos os envolvidos no sentido de contribuir com o prosseguimento do funcionamento da Fesp ao mesmo tempo em que s\u00e3o minimizados os preju\u00edzos trabalhistas decorrentes da crise enfrentada por essa institui\u00e7\u00e3o de ensino superior.<\/p>\n<!-- AddThis Advanced Settings generic via filter on the_content --><!-- AddThis Share Buttons generic via filter on the_content -->","protected":false},"excerpt":{"rendered":"<p>No \u00faltimo dia 11\/09 o Sindicato dos Professores de Ensino Superior de Curitiba e Regi\u00e3o Metropolitana \u2013 Sinpes, realizou uma Assembleia Geral Virtual com os professores e professoras da Funda\u00e7\u00e3o de Estudos Sociais do Paran\u00e1 (Fesp). Na pauta a aprova\u00e7\u00e3o da prorroga\u00e7\u00e3o de acordo celebrado com a institui\u00e7\u00e3o. Na Assembleia, o sindicato apresentou o acordo [&hellip;]<!-- AddThis Advanced Settings generic via filter on wp_trim_excerpt --><!-- AddThis Share Buttons generic via filter on wp_trim_excerpt --><\/p>\n","protected":false},"author":3,"featured_media":0,"comment_status":"closed","ping_status":"open","sticky":false,"template":"","format":"standard","meta":{"footnotes":""},"categories":[7,478,18,13],"tags":[589,390,590,344,440,62],"class_list":["post-3327","post","type-post","status-publish","format-standard","hentry","category-arquivo-de-noticias","category-coronavirus-e-direitos-dos-professores","category-destaque","category-home","tag-acordo-da-fesp","tag-acordos","tag-assembleia-da-fesp","tag-fesp","tag-professores-da-fesp","tag-sinpes"],"_links":{"self":[{"href":"https:\/\/sinpes.org.br\/site\/wp-json\/wp\/v2\/posts\/3327","targetHints":{"allow":["GET"]}}],"collection":[{"href":"https:\/\/sinpes.org.br\/site\/wp-json\/wp\/v2\/posts"}],"about":[{"href":"https:\/\/sinpes.org.br\/site\/wp-json\/wp\/v2\/types\/post"}],"author":[{"embeddable":true,"href":"https:\/\/sinpes.org.br\/site\/wp-json\/wp\/v2\/users\/3"}],"replies":[{"embeddable":true,"href":"https:\/\/sinpes.org.br\/site\/wp-json\/wp\/v2\/comments?post=3327"}],"version-history":[{"count":1,"href":"https:\/\/sinpes.org.br\/site\/wp-json\/wp\/v2\/posts\/3327\/revisions"}],"predecessor-version":[{"id":3328,"href":"https:\/\/sinpes.org.br\/site\/wp-json\/wp\/v2\/posts\/3327\/revisions\/3328"}],"wp:attachment":[{"href":"https:\/\/sinpes.org.br\/site\/wp-json\/wp\/v2\/media?parent=3327"}],"wp:term":[{"taxonomy":"category","embeddable":true,"href":"https:\/\/sinpes.org.br\/site\/wp-json\/wp\/v2\/categories?post=3327"},{"taxonomy":"post_tag","embeddable":true,"href":"https:\/\/sinpes.org.br\/site\/wp-json\/wp\/v2\/tags?post=3327"}],"curies":[{"name":"wp","href":"https:\/\/api.w.org\/{rel}","templated":true}]}}