{"id":3321,"date":"2020-09-18T08:09:55","date_gmt":"2020-09-18T11:09:55","guid":{"rendered":"https:\/\/sinpes.org.br\/site\/?p=3321"},"modified":"2020-09-18T08:09:55","modified_gmt":"2020-09-18T11:09:55","slug":"reintegracao-virtual-historica-poe-fim-a-15-anos-de-injustica-contra-professora-da-tuiuti","status":"publish","type":"post","link":"https:\/\/sinpes.org.br\/site\/reintegracao-virtual-historica-poe-fim-a-15-anos-de-injustica-contra-professora-da-tuiuti\/","title":{"rendered":"Reintegra\u00e7\u00e3o virtual hist\u00f3rica p\u00f5e fim a 15 anos de injusti\u00e7a contra professora da Tuiuti"},"content":{"rendered":"<p>Em 05\/02\/2001 a Professora Simara Carvalho Duarte foi admitida pela Universidade Tuiuti do Paran\u00e1 (UTP) para lecionar por 8 horas semanais e tamb\u00e9m coordenar o Programa de Implanta\u00e7\u00e3o e Acompanhamento do Curr\u00edculo do Curso de Direito da Institui\u00e7\u00e3o. Em 01\/12\/2002 foi nomeada, para um per\u00edodo de dois anos, Diretora Acad\u00eamica da Faculdade de Ci\u00eancia Jur\u00eddicas.<\/p>\n<p>Quando Simara assumiu a dire\u00e7\u00e3o do Curso de Direito os desafios eram muito grandes. A Universidade Tuiuti procurava recuperar-se de um profundo desgaste em sua imagem por conta de um vestibular do Curso de Direito que foi impugnado pelo Minist\u00e9rio P\u00fablico Federal. As suspeitas de fraudes foram refor\u00e7adas quando a UTP incinerou o gabarito das provas antes mesmo de apresenta-las \u00e0 Justi\u00e7a Federal.<\/p>\n<p>Foi exatamente nesse clima de desgaste institucional que Simara Carvalho Duarte foi contratada com a miss\u00e3o de melhorar a imagem da universidade. E ela teve sucesso nessa empreitada.<\/p>\n<p>Mestra e Doutora pela Universidade Federal do Paran\u00e1, a professora Simara, ao assumir a dire\u00e7\u00e3o do Curso de Direito possu\u00eda grande experi\u00eancia em administra\u00e7\u00e3o de cursos superiores, pois tinha dirigido o curso de Direito da Pontif\u00edcia Universidade Cat\u00f3lica do Paran\u00e1 (PUC-PR) em S\u00e3o Jos\u00e9 dos Pinhais.<\/p>\n<p>No curso de sua vitoriosa carreira Simara foi tamb\u00e9m Professora Titular de Direito Processual Civil no Curso de Gradua\u00e7\u00e3o da PUCPR; Professora no Curso de Especializa\u00e7\u00e3o em Direito Processual Civil da PUCPR; Diretoria do Curso de Direito do campus do Prado Velho da PUCPR; Professora Adjunta no Centro Universit\u00e1rio Uninter; Professora Colaboradora no Mestrado em Direito do Centro Universit\u00e1rio Uninter; Advogada e Assessora Jur\u00eddica no TJPR.<\/p>\n<p>Simara \u00e9 graduada pela Universidade Estadual de Maring\u00e1 (1991), Mestre em Direito P\u00fablico pela Universidade Federal do Paran\u00e1 (1998) e Doutora em Direito das Rela\u00e7\u00f5es Sociais pela Universidade Federal do Paran\u00e1 (2001).<\/p>\n<p>Detentora desse curr\u00edculo invej\u00e1vel, ela, depois de revisar, num primeiro momento todo o conte\u00fado curricular do Curso de Direito, fez sugest\u00f5es t\u00e9cnicas para melhor\u00e1-lo e assumiu a dire\u00e7\u00e3o em dezembro de 2002 de forma esmerada. Recomendou a contra\u00e7\u00e3o de docentes altamente gabaritados para trazer qualidade inquestion\u00e1vel \u00e0s aulas de Direito na UTP.<\/p>\n<p>Concluiu seu mandato como diretora em 01\/12\/2004, tendo sido reconduzida por um per\u00edodo de seis meses em 11\/01\/2005. Foi demitida imediatamente ap\u00f3s o Minist\u00e9rio da Educa\u00e7\u00e3o ter atribu\u00eddo avalia\u00e7\u00e3o Triplo A ao curso de Direito da UTP.<\/p>\n<p>Boa parte dos professores por ela contratados, cuja titula\u00e7\u00e3o e carga hor\u00e1ria foram respons\u00e1veis pelo grau auferido, foram a partir de sua sa\u00edda paulatinamente desligados ou revertidos para a condi\u00e7\u00e3o de horistas.<\/p>\n<p>As circunst\u00e2ncias de sua demiss\u00e3o sensibilizaram a 6\u00aa. Turma do Tribunal Superior do Trabalho. Em Ac\u00f3rd\u00e3o de lavra do Ministro Augusto C\u00e9sar Leite de Carvalho sua demiss\u00e3o foi reputada nula e condenada a Tuiuti ao pagamento de todos os sal\u00e1rios e vantagens no per\u00edodo compreendido entre sua ilegal demiss\u00e3o em 17\/02\/2005 e sua efetiva reintegra\u00e7\u00e3o.<\/p>\n<p>A reintegra\u00e7\u00e3o virtual da Professora Simara Carvalho Duarte \u00e9 hist\u00f3rica por se tratar do primeiro retorno ao trabalho cumprido de forma virtual no \u00e2mbito do corpo docente da Universidade Tuiuti.<\/p>\n<p>Em breve a Professora Simara dever\u00e1 receber os sal\u00e1rios e vantagens do per\u00edodo compreendido entre sua indevida despedida e sua efetiva reintegra\u00e7\u00e3o.<\/p>\n<p>O Sinpes entrou em contato com a Assessoria de Imprensa da Universidade Tuiuti para pedir uma nota de esclarecimento sobre os fatos trazidos nesta mat\u00e9ria. Mas, at\u00e9 a publica\u00e7\u00e3o da mesma n\u00e3o recebemos resposta.<\/p>\n<!-- AddThis Advanced Settings generic via filter on the_content --><!-- AddThis Share Buttons generic via filter on the_content -->","protected":false},"excerpt":{"rendered":"<p>Em 05\/02\/2001 a Professora Simara Carvalho Duarte foi admitida pela Universidade Tuiuti do Paran\u00e1 (UTP) para lecionar por 8 horas semanais e tamb\u00e9m coordenar o Programa de Implanta\u00e7\u00e3o e Acompanhamento do Curr\u00edculo do Curso de Direito da Institui\u00e7\u00e3o. Em 01\/12\/2002 foi nomeada, para um per\u00edodo de dois anos, Diretora Acad\u00eamica da Faculdade de Ci\u00eancia Jur\u00eddicas. [&hellip;]<!-- AddThis Advanced Settings generic via filter on wp_trim_excerpt --><!-- AddThis Share Buttons generic via filter on wp_trim_excerpt --><\/p>\n","protected":false},"author":3,"featured_media":0,"comment_status":"closed","ping_status":"open","sticky":false,"template":"","format":"standard","meta":{"footnotes":""},"categories":[7,18,13,12],"tags":[35,585,124,586,315],"class_list":["post-3321","post","type-post","status-publish","format-standard","hentry","category-arquivo-de-noticias","category-destaque","category-home","category-tuiuti","tag-demissao","tag-professora-da-tuiuti","tag-reintegracao","tag-reintegracao-de-professora-da-tuiuti","tag-universidade-tuiuti"],"_links":{"self":[{"href":"https:\/\/sinpes.org.br\/site\/wp-json\/wp\/v2\/posts\/3321","targetHints":{"allow":["GET"]}}],"collection":[{"href":"https:\/\/sinpes.org.br\/site\/wp-json\/wp\/v2\/posts"}],"about":[{"href":"https:\/\/sinpes.org.br\/site\/wp-json\/wp\/v2\/types\/post"}],"author":[{"embeddable":true,"href":"https:\/\/sinpes.org.br\/site\/wp-json\/wp\/v2\/users\/3"}],"replies":[{"embeddable":true,"href":"https:\/\/sinpes.org.br\/site\/wp-json\/wp\/v2\/comments?post=3321"}],"version-history":[{"count":1,"href":"https:\/\/sinpes.org.br\/site\/wp-json\/wp\/v2\/posts\/3321\/revisions"}],"predecessor-version":[{"id":3322,"href":"https:\/\/sinpes.org.br\/site\/wp-json\/wp\/v2\/posts\/3321\/revisions\/3322"}],"wp:attachment":[{"href":"https:\/\/sinpes.org.br\/site\/wp-json\/wp\/v2\/media?parent=3321"}],"wp:term":[{"taxonomy":"category","embeddable":true,"href":"https:\/\/sinpes.org.br\/site\/wp-json\/wp\/v2\/categories?post=3321"},{"taxonomy":"post_tag","embeddable":true,"href":"https:\/\/sinpes.org.br\/site\/wp-json\/wp\/v2\/tags?post=3321"}],"curies":[{"name":"wp","href":"https:\/\/api.w.org\/{rel}","templated":true}]}}