{"id":3314,"date":"2020-09-10T14:38:55","date_gmt":"2020-09-10T17:38:55","guid":{"rendered":"https:\/\/sinpes.org.br\/site\/?p=3314"},"modified":"2020-09-10T14:38:55","modified_gmt":"2020-09-10T17:38:55","slug":"link-de-acesso-para-a-assembleia-das-professoras-e-dos-professores-da-fesp","status":"publish","type":"post","link":"https:\/\/sinpes.org.br\/site\/link-de-acesso-para-a-assembleia-das-professoras-e-dos-professores-da-fesp\/","title":{"rendered":"Link de Acesso para a Assembleia das professoras e dos professores da Fesp"},"content":{"rendered":"<p>Segue o link de acesso para Assembleia Geral Virtual das Professoras e Professores da Fesp que ser\u00e1 realizada nesta sexta-feira (11\/09) com primeira chamada \u00e0s 10h30 e segunda chamada \u00e0s 11h.<\/p>\n<p>Entrar na reuni\u00e3o Zoom<br \/>\nhttps:\/\/zoom.us\/j\/94508273492?pwd=TUxSWHVVVzBYMDh3QmN2aSt5aWd5dz09<\/p>\n<p>ID da reuni\u00e3o: 945 0827 3492<br \/>\nSenha de acesso: 122491<\/p>\n<!-- AddThis Advanced Settings generic via filter on the_content --><!-- AddThis Share Buttons generic via filter on the_content -->","protected":false},"excerpt":{"rendered":"<p>Segue o link de acesso para Assembleia Geral Virtual das Professoras e Professores da Fesp que ser\u00e1 realizada nesta sexta-feira (11\/09) com primeira chamada \u00e0s 10h30 e segunda chamada \u00e0s 11h. Entrar na reuni\u00e3o Zoom https:\/\/zoom.us\/j\/94508273492?pwd=TUxSWHVVVzBYMDh3QmN2aSt5aWd5dz09 ID da reuni\u00e3o: 945 0827 3492 Senha de acesso: 122491<!-- AddThis Advanced Settings generic via filter on wp_trim_excerpt --><!-- AddThis Share Buttons generic via filter on wp_trim_excerpt --><\/p>\n","protected":false},"author":3,"featured_media":0,"comment_status":"closed","ping_status":"open","sticky":false,"template":"","format":"standard","meta":{"footnotes":""},"categories":[7,18,13],"tags":[579,305,581,515,344,440],"class_list":["post-3314","post","type-post","status-publish","format-standard","hentry","category-arquivo-de-noticias","category-destaque","category-home","tag-acordo-fesp","tag-assembleia","tag-assembleia-professores-fesp","tag-assembleia-virtual","tag-fesp","tag-professores-da-fesp"],"_links":{"self":[{"href":"https:\/\/sinpes.org.br\/site\/wp-json\/wp\/v2\/posts\/3314","targetHints":{"allow":["GET"]}}],"collection":[{"href":"https:\/\/sinpes.org.br\/site\/wp-json\/wp\/v2\/posts"}],"about":[{"href":"https:\/\/sinpes.org.br\/site\/wp-json\/wp\/v2\/types\/post"}],"author":[{"embeddable":true,"href":"https:\/\/sinpes.org.br\/site\/wp-json\/wp\/v2\/users\/3"}],"replies":[{"embeddable":true,"href":"https:\/\/sinpes.org.br\/site\/wp-json\/wp\/v2\/comments?post=3314"}],"version-history":[{"count":1,"href":"https:\/\/sinpes.org.br\/site\/wp-json\/wp\/v2\/posts\/3314\/revisions"}],"predecessor-version":[{"id":3315,"href":"https:\/\/sinpes.org.br\/site\/wp-json\/wp\/v2\/posts\/3314\/revisions\/3315"}],"wp:attachment":[{"href":"https:\/\/sinpes.org.br\/site\/wp-json\/wp\/v2\/media?parent=3314"}],"wp:term":[{"taxonomy":"category","embeddable":true,"href":"https:\/\/sinpes.org.br\/site\/wp-json\/wp\/v2\/categories?post=3314"},{"taxonomy":"post_tag","embeddable":true,"href":"https:\/\/sinpes.org.br\/site\/wp-json\/wp\/v2\/tags?post=3314"}],"curies":[{"name":"wp","href":"https:\/\/api.w.org\/{rel}","templated":true}]}}