{"id":3311,"date":"2020-09-09T10:18:55","date_gmt":"2020-09-09T13:18:55","guid":{"rendered":"https:\/\/sinpes.org.br\/site\/?p=3311"},"modified":"2020-09-09T10:18:55","modified_gmt":"2020-09-09T13:18:55","slug":"sinpes-convoca-professoras-e-professores-da-fesp-para-assembleia-geral-virtual","status":"publish","type":"post","link":"https:\/\/sinpes.org.br\/site\/sinpes-convoca-professoras-e-professores-da-fesp-para-assembleia-geral-virtual\/","title":{"rendered":"Sinpes convoca professoras e professores da FESP para Assembleia Geral Virtual"},"content":{"rendered":"<p>O Sindicato dos Professores de Ensino Superior de Curitiba e Regi\u00e3o Metropolitana \u2013 SINPES convoca os professores da Faculdade Fesp para Assembleia Geral Virtual a ser realizada no dia 11 de setembro de 2020 \u00e0s 10h00min em primeira convoca\u00e7\u00e3o\u00a0e 10h30mim em segunda convoca\u00e7\u00e3o,\u00a0a qual permanece convocada por tempo indeterminado<strong>, <\/strong>quando ser\u00e1 discutida a seguinte ordem do dia:<\/p>\n<p>1 \u00a0&#8211; Autoriza\u00e7\u00e3o para celebra\u00e7\u00e3o de acordo coletivo com redu\u00e7\u00e3o de sal\u00e1rio;<\/p>\n<p>2\u00a0 &#8211;\u00a0 Assuntos Gerais.<\/p>\n<p>O link de acesso para participar da assembleia estar\u00e1 dispon\u00edvel no Facebook e no Site do Sinpes (<a href=\"http:\/\/www.sinpes.org.br\">www.sinpes.org.br<\/a>) a partir das 14h30min do dia 10.09.2020.<\/p>\n<p>&nbsp;<\/p>\n<p>&nbsp;<\/p>\n<!-- AddThis Advanced Settings generic via filter on the_content --><!-- AddThis Share Buttons generic via filter on the_content -->","protected":false},"excerpt":{"rendered":"<p>O Sindicato dos Professores de Ensino Superior de Curitiba e Regi\u00e3o Metropolitana \u2013 SINPES convoca os professores da Faculdade Fesp para Assembleia Geral Virtual a ser realizada no dia 11 de setembro de 2020 \u00e0s 10h00min em primeira convoca\u00e7\u00e3o\u00a0e 10h30mim em segunda convoca\u00e7\u00e3o,\u00a0a qual permanece convocada por tempo indeterminado, quando ser\u00e1 discutida a seguinte ordem [&hellip;]<!-- AddThis Advanced Settings generic via filter on wp_trim_excerpt --><!-- AddThis Share Buttons generic via filter on wp_trim_excerpt --><\/p>\n","protected":false},"author":3,"featured_media":0,"comment_status":"closed","ping_status":"open","sticky":false,"template":"","format":"standard","meta":{"footnotes":""},"categories":[7,478,18,13],"tags":[579,580,60,515,344,440],"class_list":["post-3311","post","type-post","status-publish","format-standard","hentry","category-arquivo-de-noticias","category-coronavirus-e-direitos-dos-professores","category-destaque","category-home","tag-acordo-fesp","tag-assembleia-fesp","tag-assembleia-geral","tag-assembleia-virtual","tag-fesp","tag-professores-da-fesp"],"_links":{"self":[{"href":"https:\/\/sinpes.org.br\/site\/wp-json\/wp\/v2\/posts\/3311","targetHints":{"allow":["GET"]}}],"collection":[{"href":"https:\/\/sinpes.org.br\/site\/wp-json\/wp\/v2\/posts"}],"about":[{"href":"https:\/\/sinpes.org.br\/site\/wp-json\/wp\/v2\/types\/post"}],"author":[{"embeddable":true,"href":"https:\/\/sinpes.org.br\/site\/wp-json\/wp\/v2\/users\/3"}],"replies":[{"embeddable":true,"href":"https:\/\/sinpes.org.br\/site\/wp-json\/wp\/v2\/comments?post=3311"}],"version-history":[{"count":1,"href":"https:\/\/sinpes.org.br\/site\/wp-json\/wp\/v2\/posts\/3311\/revisions"}],"predecessor-version":[{"id":3312,"href":"https:\/\/sinpes.org.br\/site\/wp-json\/wp\/v2\/posts\/3311\/revisions\/3312"}],"wp:attachment":[{"href":"https:\/\/sinpes.org.br\/site\/wp-json\/wp\/v2\/media?parent=3311"}],"wp:term":[{"taxonomy":"category","embeddable":true,"href":"https:\/\/sinpes.org.br\/site\/wp-json\/wp\/v2\/categories?post=3311"},{"taxonomy":"post_tag","embeddable":true,"href":"https:\/\/sinpes.org.br\/site\/wp-json\/wp\/v2\/tags?post=3311"}],"curies":[{"name":"wp","href":"https:\/\/api.w.org\/{rel}","templated":true}]}}