{"id":3308,"date":"2020-09-03T09:45:49","date_gmt":"2020-09-03T12:45:49","guid":{"rendered":"https:\/\/sinpes.org.br\/site\/?p=3308"},"modified":"2020-09-03T09:45:49","modified_gmt":"2020-09-03T12:45:49","slug":"sinpes-convida-docentes-e-ex-docentes-da-positivo-para-reuniao-virtual","status":"publish","type":"post","link":"https:\/\/sinpes.org.br\/site\/sinpes-convida-docentes-e-ex-docentes-da-positivo-para-reuniao-virtual\/","title":{"rendered":"Sinpes convida docentes e ex-docentes da Positivo para reuni\u00e3o virtual"},"content":{"rendered":"<p>O Sinpes convida professores, professoras, ex-professores e ex-professoras da Universidade Positivo para reuni\u00e3o virtual na pr\u00f3xima sexta-feira 04\/09 \u00e0s 10h30.<br \/>\nNa pauta as discuss\u00f5es que foram travadas entre o sindicato e representantes da Cruzeiro do Sul em audi\u00eancia no Minist\u00e9rio P\u00fablico do Trabalho na tarde da \u00faltima ter\u00e7a-feira (01\/09).<br \/>\nSegue abaixo o link para o acesso \u00e0 reuni\u00e3o:<\/p>\n<p>Data: 04\/09\/2020<\/p>\n<p>Hor\u00e1rio: 10h30<\/p>\n<p>Entrar na reuni\u00e3o Zoom<br \/>\nhttps:\/\/zoom.us\/j\/94349245662?pwd=U21yaEpnN1BSeUgwZElCVmZYdXJpZz09<\/p>\n<p>ID da reuni\u00e3o: 943 4924 5662<br \/>\nSenha de acesso: 782316<\/p>\n<!-- AddThis Advanced Settings generic via filter on the_content --><!-- AddThis Share Buttons generic via filter on the_content -->","protected":false},"excerpt":{"rendered":"<p>O Sinpes convida professores, professoras, ex-professores e ex-professoras da Universidade Positivo para reuni\u00e3o virtual na pr\u00f3xima sexta-feira 04\/09 \u00e0s 10h30. Na pauta as discuss\u00f5es que foram travadas entre o sindicato e representantes da Cruzeiro do Sul em audi\u00eancia no Minist\u00e9rio P\u00fablico do Trabalho na tarde da \u00faltima ter\u00e7a-feira (01\/09). Segue abaixo o link para o [&hellip;]<!-- AddThis Advanced Settings generic via filter on wp_trim_excerpt --><!-- AddThis Share Buttons generic via filter on wp_trim_excerpt --><\/p>\n","protected":false},"author":3,"featured_media":0,"comment_status":"closed","ping_status":"open","sticky":false,"template":"","format":"standard","meta":{"footnotes":""},"categories":[7,478,18,13,175],"tags":[540,128,536,542,198],"class_list":["post-3308","post","type-post","status-publish","format-standard","hentry","category-arquivo-de-noticias","category-coronavirus-e-direitos-dos-professores","category-destaque","category-home","category-positivo","tag-cruzeiro-do-sul","tag-positivo","tag-professores-da-positivo","tag-reuniao-virtual","tag-universidade-positivo"],"_links":{"self":[{"href":"https:\/\/sinpes.org.br\/site\/wp-json\/wp\/v2\/posts\/3308","targetHints":{"allow":["GET"]}}],"collection":[{"href":"https:\/\/sinpes.org.br\/site\/wp-json\/wp\/v2\/posts"}],"about":[{"href":"https:\/\/sinpes.org.br\/site\/wp-json\/wp\/v2\/types\/post"}],"author":[{"embeddable":true,"href":"https:\/\/sinpes.org.br\/site\/wp-json\/wp\/v2\/users\/3"}],"replies":[{"embeddable":true,"href":"https:\/\/sinpes.org.br\/site\/wp-json\/wp\/v2\/comments?post=3308"}],"version-history":[{"count":1,"href":"https:\/\/sinpes.org.br\/site\/wp-json\/wp\/v2\/posts\/3308\/revisions"}],"predecessor-version":[{"id":3309,"href":"https:\/\/sinpes.org.br\/site\/wp-json\/wp\/v2\/posts\/3308\/revisions\/3309"}],"wp:attachment":[{"href":"https:\/\/sinpes.org.br\/site\/wp-json\/wp\/v2\/media?parent=3308"}],"wp:term":[{"taxonomy":"category","embeddable":true,"href":"https:\/\/sinpes.org.br\/site\/wp-json\/wp\/v2\/categories?post=3308"},{"taxonomy":"post_tag","embeddable":true,"href":"https:\/\/sinpes.org.br\/site\/wp-json\/wp\/v2\/tags?post=3308"}],"curies":[{"name":"wp","href":"https:\/\/api.w.org\/{rel}","templated":true}]}}