{"id":3303,"date":"2020-09-02T09:04:44","date_gmt":"2020-09-02T12:04:44","guid":{"rendered":"https:\/\/sinpes.org.br\/site\/?p=3303"},"modified":"2020-09-02T09:17:17","modified_gmt":"2020-09-02T12:17:17","slug":"justica-do-trabalho-procede-a-historica-reintegracao-virtual-de-professora-da-puc-pr","status":"publish","type":"post","link":"https:\/\/sinpes.org.br\/site\/justica-do-trabalho-procede-a-historica-reintegracao-virtual-de-professora-da-puc-pr\/","title":{"rendered":"Justi\u00e7a do Trabalho procede \u00e0 hist\u00f3rica reintegra\u00e7\u00e3o virtual de professora da PUC-PR"},"content":{"rendered":"<p>Em mar\u00e7o de 1995 Marciane Maria Kulczycki foi contratada pela Pontif\u00edcia Universidade Cat\u00f3lica do Paran\u00e1 (PUC-PR). Foi professora adjunta entre 1995 e 2008. E coordenadora do Curso de Especializa\u00e7\u00e3o em Fisioterapia Ortop\u00e9dica, Traumatol\u00f3gica e Desportiva da PUC entre 2004 e 2008.<\/p>\n<p>Marciane \u00e9 graduada em Fisioterapia pela Pontif\u00edcia Universidade Cat\u00f3lica do Paran\u00e1 (1985). Concluiu mestrado em Educa\u00e7\u00e3o tamb\u00e9m pela Pontif\u00edcia Universidade Cat\u00f3lica do Paran\u00e1 (2002). Tem experi\u00eancia na \u00e1rea de Fisioterapia, com \u00eanfase em Fisioterapia Ortop\u00e9dica e Traumatol\u00f3gica. Especialista em Fisioterapia Traumato-Ortop\u00e9dica pelo Conselho Federal de Fisioterapia e Terapia Ocupacional. Fisioterapeuta do Centro Hospitalar de Reabilita\u00e7\u00e3o do Paran\u00e1 entre os anos de 2009 e 2016. \u00c9 professora do Curso de Fisioterapia do Centro Universit\u00e1rio UniDomBosco, membro do N\u00facleo Docente Estruturante do Curso de Fisioterapia do Centro Universit\u00e1rio UniDomBosco (2019 at\u00e9 a presente data) e conselheira efetiva do Conselho Regional de Fisioterapia e Terapia Ocupacional do Paran\u00e1.<\/p>\n<p>Em 13 anos de trabalho na PUCPR Marciane lecionou, dentre outras, as disciplinas de \u201cDeterminantes Hist\u00f3ricos, Sociais e Culturais da Fisioterapia\u201d, \u201cAssist\u00eancia Fisioterap\u00eautica nas Altera\u00e7\u00f5es M\u00fasculo -Esquel\u00e9ticas\u201d e \u201cEst\u00e1gios Supervisionados\u201d. Al\u00e9m disso, exerceu at\u00e9 o final de 2006 a fun\u00e7\u00e3o de Diretora Adjunta do Curso de Fisioterapia. Nos anos como docente da PUC tamb\u00e9m atuou lecionando nos projetos de Gin\u00e1stica\/Cinesioterapia Laboral em conv\u00eanios ajustado entre PUC e diversas empresas. Foi demitida da institui\u00e7\u00e3o em 09\/12\/2008, depois de enfrentar diversas redu\u00e7\u00f5es de carga hor\u00e1ria que acabaram por ser reputadas ilegais em ju\u00edzo.<\/p>\n<p>Depois de 12 anos de injusta demiss\u00e3o, a Justi\u00e7a do Trabalho enfim concretizou a reintegra\u00e7\u00e3o da professora Marciane em face do entendimento de que n\u00e3o observadas as normas regulamentares da pr\u00f3pria Universidade por ocasi\u00e3o da despedida, o que ensejou a decreta\u00e7\u00e3o da sua nulidade. A reintegra\u00e7\u00e3o deu-se com a carga hor\u00e1ria de 40 horas, que deve ser mantida por decis\u00e3o judicial.<\/p>\n<p>Trata-se da primeira reintegra\u00e7\u00e3o virtual de que se tem not\u00edcia no \u00e2mbito das professoras e professores que prestam servi\u00e7os no \u00e2mbito territorial do Sinpes: Curitiba e Regi\u00e3o Metropolitana.<\/p>\n<p>Al\u00e9m da reintegra\u00e7\u00e3o a professora em breve receber\u00e1 os sal\u00e1rios relativos ao longo per\u00edodo em que esteve indevidamente afastada.<\/p>\n<div class=\"\" data-block=\"true\" data-editor=\"60r75\" data-offset-key=\"3n7jg-0-0\">\n<div class=\"_1mf _1mj\" data-offset-key=\"3n7jg-0-0\"><span data-offset-key=\"3n7jg-0-0\">O Sinpes entrou em contato com a Assessoria de Imprensa da PUC para obter mais informa\u00e7\u00f5es sobre a reintegra\u00e7\u00e3o, mas n\u00e3o obteve resposta. <\/span><\/div>\n<\/div>\n<div class=\"\" data-block=\"true\" data-editor=\"60r75\" data-offset-key=\"e0fv8-0-0\"><\/div>\n<!-- AddThis Advanced Settings generic via filter on the_content --><!-- AddThis Share Buttons generic via filter on the_content -->","protected":false},"excerpt":{"rendered":"<p>Em mar\u00e7o de 1995 Marciane Maria Kulczycki foi contratada pela Pontif\u00edcia Universidade Cat\u00f3lica do Paran\u00e1 (PUC-PR). Foi professora adjunta entre 1995 e 2008. E coordenadora do Curso de Especializa\u00e7\u00e3o em Fisioterapia Ortop\u00e9dica, Traumatol\u00f3gica e Desportiva da PUC entre 2004 e 2008. Marciane \u00e9 graduada em Fisioterapia pela Pontif\u00edcia Universidade Cat\u00f3lica do Paran\u00e1 (1985). Concluiu mestrado [&hellip;]<!-- AddThis Advanced Settings generic via filter on wp_trim_excerpt --><!-- AddThis Share Buttons generic via filter on wp_trim_excerpt --><\/p>\n","protected":false},"author":3,"featured_media":0,"comment_status":"closed","ping_status":"open","sticky":false,"template":"","format":"standard","meta":{"footnotes":""},"categories":[7,18,13,2],"tags":[574,575,61,257,124],"class_list":["post-3303","post","type-post","status-publish","format-standard","hentry","category-arquivo-de-noticias","category-destaque","category-home","category-puc","tag-decisao-da-justica","tag-professora-puc","tag-puc","tag-puc-pr","tag-reintegracao"],"_links":{"self":[{"href":"https:\/\/sinpes.org.br\/site\/wp-json\/wp\/v2\/posts\/3303","targetHints":{"allow":["GET"]}}],"collection":[{"href":"https:\/\/sinpes.org.br\/site\/wp-json\/wp\/v2\/posts"}],"about":[{"href":"https:\/\/sinpes.org.br\/site\/wp-json\/wp\/v2\/types\/post"}],"author":[{"embeddable":true,"href":"https:\/\/sinpes.org.br\/site\/wp-json\/wp\/v2\/users\/3"}],"replies":[{"embeddable":true,"href":"https:\/\/sinpes.org.br\/site\/wp-json\/wp\/v2\/comments?post=3303"}],"version-history":[{"count":2,"href":"https:\/\/sinpes.org.br\/site\/wp-json\/wp\/v2\/posts\/3303\/revisions"}],"predecessor-version":[{"id":3305,"href":"https:\/\/sinpes.org.br\/site\/wp-json\/wp\/v2\/posts\/3303\/revisions\/3305"}],"wp:attachment":[{"href":"https:\/\/sinpes.org.br\/site\/wp-json\/wp\/v2\/media?parent=3303"}],"wp:term":[{"taxonomy":"category","embeddable":true,"href":"https:\/\/sinpes.org.br\/site\/wp-json\/wp\/v2\/categories?post=3303"},{"taxonomy":"post_tag","embeddable":true,"href":"https:\/\/sinpes.org.br\/site\/wp-json\/wp\/v2\/tags?post=3303"}],"curies":[{"name":"wp","href":"https:\/\/api.w.org\/{rel}","templated":true}]}}