{"id":3288,"date":"2020-08-20T13:20:35","date_gmt":"2020-08-20T16:20:35","guid":{"rendered":"https:\/\/sinpes.org.br\/site\/?p=3288"},"modified":"2020-08-20T13:20:35","modified_gmt":"2020-08-20T16:20:35","slug":"link-de-acesso-para-assembleia-geral-de-professoras-e-professores-sinpes","status":"publish","type":"post","link":"https:\/\/sinpes.org.br\/site\/link-de-acesso-para-assembleia-geral-de-professoras-e-professores-sinpes\/","title":{"rendered":"Link de acesso para Assembleia Geral de Professoras e Professores &#8211; Sinpes"},"content":{"rendered":"<p>Segue abaixo link e senha de acesso para a Assembleia Geral a ser realizada pelo Sinpes nesta quinta-feria 20\/08\/2020 com primeira chamada \u00e0s 16h30 e segunda chamada \u00e0s 17h.<\/p>\n<p>&gt; T\u00f3pico: Assembleia Geral Professoras e Professores<br \/>\n&gt; Hora: 20 ago 2020 16:30 S\u00e3o Paulo<\/p>\n<p>&gt; Link de acesso:<br \/>\nhttps:\/\/zoom.us\/j\/95548949112?pwd=WmtaOE5OUG5Hbi9mSnhXajdxZmFKQT09<\/p>\n<p>&gt; ID da reuni\u00e3o: 955 4894 9112<br \/>\n&gt; Senha de acesso: 645329<\/p>\n<!-- AddThis Advanced Settings generic via filter on the_content --><!-- AddThis Share Buttons generic via filter on the_content -->","protected":false},"excerpt":{"rendered":"<p>Segue abaixo link e senha de acesso para a Assembleia Geral a ser realizada pelo Sinpes nesta quinta-feria 20\/08\/2020 com primeira chamada \u00e0s 16h30 e segunda chamada \u00e0s 17h. &gt; T\u00f3pico: Assembleia Geral Professoras e Professores &gt; Hora: 20 ago 2020 16:30 S\u00e3o Paulo &gt; Link de acesso: https:\/\/zoom.us\/j\/95548949112?pwd=WmtaOE5OUG5Hbi9mSnhXajdxZmFKQT09 &gt; ID da reuni\u00e3o: 955 4894 [&hellip;]<!-- AddThis Advanced Settings generic via filter on wp_trim_excerpt --><!-- AddThis Share Buttons generic via filter on wp_trim_excerpt --><\/p>\n","protected":false},"author":3,"featured_media":0,"comment_status":"closed","ping_status":"open","sticky":false,"template":"","format":"standard","meta":{"footnotes":""},"categories":[7,478,18,13],"tags":[305,60,570,334,569],"class_list":["post-3288","post","type-post","status-publish","format-standard","hentry","category-arquivo-de-noticias","category-coronavirus-e-direitos-dos-professores","category-destaque","category-home","tag-assembleia","tag-assembleia-geral","tag-assembleia-vitual","tag-convencao-coletiva-de-trabalho","tag-link-de-acesso"],"_links":{"self":[{"href":"https:\/\/sinpes.org.br\/site\/wp-json\/wp\/v2\/posts\/3288","targetHints":{"allow":["GET"]}}],"collection":[{"href":"https:\/\/sinpes.org.br\/site\/wp-json\/wp\/v2\/posts"}],"about":[{"href":"https:\/\/sinpes.org.br\/site\/wp-json\/wp\/v2\/types\/post"}],"author":[{"embeddable":true,"href":"https:\/\/sinpes.org.br\/site\/wp-json\/wp\/v2\/users\/3"}],"replies":[{"embeddable":true,"href":"https:\/\/sinpes.org.br\/site\/wp-json\/wp\/v2\/comments?post=3288"}],"version-history":[{"count":1,"href":"https:\/\/sinpes.org.br\/site\/wp-json\/wp\/v2\/posts\/3288\/revisions"}],"predecessor-version":[{"id":3289,"href":"https:\/\/sinpes.org.br\/site\/wp-json\/wp\/v2\/posts\/3288\/revisions\/3289"}],"wp:attachment":[{"href":"https:\/\/sinpes.org.br\/site\/wp-json\/wp\/v2\/media?parent=3288"}],"wp:term":[{"taxonomy":"category","embeddable":true,"href":"https:\/\/sinpes.org.br\/site\/wp-json\/wp\/v2\/categories?post=3288"},{"taxonomy":"post_tag","embeddable":true,"href":"https:\/\/sinpes.org.br\/site\/wp-json\/wp\/v2\/tags?post=3288"}],"curies":[{"name":"wp","href":"https:\/\/api.w.org\/{rel}","templated":true}]}}