{"id":3281,"date":"2020-08-14T09:31:24","date_gmt":"2020-08-14T12:31:24","guid":{"rendered":"https:\/\/sinpes.org.br\/site\/?p=3281"},"modified":"2020-08-14T10:43:01","modified_gmt":"2020-08-14T13:43:01","slug":"anima-unicuritiba-autoritarismo-e-desrespeito-a-ordem-judicial","status":"publish","type":"post","link":"https:\/\/sinpes.org.br\/site\/anima-unicuritiba-autoritarismo-e-desrespeito-a-ordem-judicial\/","title":{"rendered":"\u00c2NIMA\/UNICURITIBA: AUTORITARISMO, DESRESPEITO \u00c0 ORDEM JUDICIAL E INDEFINI\u00c7\u00c3O QUANTO AO IN\u00cdCIO DO SEGUNDO SEMESTRE LETIVO"},"content":{"rendered":"<p>O Sindicato dos Professores do Ensino Superior de Curitiba e Regi\u00e3o Metropolitana (SINPES), na condi\u00e7\u00e3o de representante legal dos professores do \u00c2nima\/UniCuritiba, vem denunciar a postura antidemocr\u00e1tica, rigorosamente incompat\u00edvel com a gest\u00e3o de institui\u00e7\u00f5es educacionais, praticada pelos atuais propriet\u00e1rios do UniCuritiba.<\/p>\n<p>Depois da compra do UniCuritiba no in\u00edcio de 2020, o Grupo \u00c2nima vem tentando, de maneira agressiva e autorit\u00e1ria, promover mudan\u00e7as radicais na estrutura curricular de todos os cursos da institui\u00e7\u00e3o, dentre as quais destaca-se a implanta\u00e7\u00e3o de uma nova grade curricular baseada em Unidades Curriculares. O projeto, reconhecidamente de natureza empresarial, atenta contra a qualidade de ensino e n\u00e3o foi submetido ao debate com o corpo docente atrav\u00e9s do seu sindicato representativo ou discente do UniCuritiba, nem submetido \u00e0 aprova\u00e7\u00e3o do CONSEPE (Conselho De Ensino, Pesquisa e Extens\u00e3o).<\/p>\n<p>No dia 01\/07\/2020 os coletivos de representa\u00e7\u00e3o dos alunos do UniCuritiba (Centro Acad\u00eamico de Rela\u00e7\u00f5es Internacionais &#8211; CARI, Centro Acad\u00eamico Clot\u00e1rio Portugal &#8211; DACP e o Diret\u00f3rio Central dos Estudantes \u2013 DCE) obtiveram uma liminar junto a 18\u00aa Vara C\u00edvil impedindo que o \u00c2nima implementasse as mudan\u00e7as curriculares ent\u00e3o planejadas.<\/p>\n<p>No dia 02\/07\/2020, o SINPES reuniu-se em audi\u00eancia p\u00fablica no MPT com os advogados do \u00c2nima e reivindicou aos propriet\u00e1rios do UniCuritiba que colocassem o projeto das mudan\u00e7as curriculares em debate com os aluno e professores da referida institui\u00e7\u00e3o, esses \u00faltimos representados pelo SINPES. Essa reivindica\u00e7\u00e3o e outras mais foram posteriormente encaminhadas \u00e0 Reitoria do UniCuritiba e aos diretores do Grupo \u00c2nima sem jamais terem sido apreciadas, numa demonstra\u00e7\u00e3o clara de indisposi\u00e7\u00e3o para constru\u00e7\u00e3o de um projeto acad\u00eamico.<\/p>\n<p>Em 07\/08\/2020, o Desembargador Robson Marques Cury indeferiu pretens\u00e3o liminar do Grupo \u00c2nima, com o objetivo de cassar a liminar que o impedia de implementar unilateralmente as mudan\u00e7as curriculares desejadas.<br \/>\nA mudan\u00e7a da grade, j\u00e1 a partir do segundo semestre de 2020, era uma das pretens\u00f5es do Grupo \u00c2nima, que comprou a Unicuritiba e a UniSociesc em 2019. Na inten\u00e7\u00e3o de fortalecer a iniciativa movida pelos alunos, o Sinpes entrou na a\u00e7\u00e3o como \u201camicus curiae\u201d para fortalecer a luta e ajudar a manter a decis\u00e3o judicial.<\/p>\n<p>Agora, os estudantes acusam o Grupo \u00c2nima de descumprir a medida e sorrateiramente implementar as Unidades Curriculares no \u00e2mbito da antiga UniSociesc. Segundo os alunos, desde maio o UniSociesc foi integrado ao UniCuritiba, como divulgado pela m\u00eddia. Tanto a a\u00e7\u00e3o ajuizada quanto a liminar em favor dos alunos s\u00e3o posteriores e tem como objeto beneficiar a totalidade dos alunos da Unicuritiba. Como agora as duas antigas institui\u00e7\u00f5es de ensino transformaram-se em uma coisa s\u00f3 \u2013 tudo \u00e9 \u00c2nima\/UniCuritiba, n\u00e3o h\u00e1 raz\u00e3o plaus\u00edvel para tratamento discriminat\u00f3rio.<\/p>\n<p>Os acad\u00eamicos tamb\u00e9m denunciam que existe um \u00e1udio da coordenadora dos cursos da \u00e1rea de sa\u00fade no sentido de que os alunos deveriam matricular-se nas pol\u00eamicas Unidades Curriculares. Al\u00e9m disso, destacam os estudantes, que o Unicuritiba excluiu da \u201c\u00e1rea do aluno\u201d (Ulife) e de demais acessos virtuais, a matriz curricular antiga, de modo a impedir a compara\u00e7\u00e3o com a nova matriz (agora sob a forma de Unidades Curriculares).<br \/>\nNo dia 12\/08\/2020, em raz\u00e3o do desrespeito do Grupo \u00c2nima \u00e0s decis\u00f5es judiciais de primeira e segunda inst\u00e2ncia, a Justi\u00e7a aumentou a multa pelo descumprimento das determina\u00e7\u00f5es judiciais e obrigou o \u00c2nima a reiniciar o segundo semestre letivo de 2020 na data de 17\/08\/2020. Vale dizer que o \u00c2nima\/UniCuritiba j\u00e1 havia adiado o rein\u00edcio das aulas na tentativa de impor autoritariamente seu projeto empresarial \u00e0quela comunidade acad\u00eamica, como demonstra as muitas den\u00fancias, recebidas pelo SINPES, de professores que \u2013 contra as determina\u00e7\u00f5es judiciais \u2013 continuavam escalados para ministrarem as aulas das Unidades Curriculare<\/p>\n<p><strong>Dire\u00e7\u00e3o do Sinpes\u00a0<\/strong><\/p>\n<!-- AddThis Advanced Settings generic via filter on the_content --><!-- AddThis Share Buttons generic via filter on the_content -->","protected":false},"excerpt":{"rendered":"<p>O Sindicato dos Professores do Ensino Superior de Curitiba e Regi\u00e3o Metropolitana (SINPES), na condi\u00e7\u00e3o de representante legal dos professores do \u00c2nima\/UniCuritiba, vem denunciar a postura antidemocr\u00e1tica, rigorosamente incompat\u00edvel com a gest\u00e3o de institui\u00e7\u00f5es educacionais, praticada pelos atuais propriet\u00e1rios do UniCuritiba. Depois da compra do UniCuritiba no in\u00edcio de 2020, o Grupo \u00c2nima vem tentando, [&hellip;]<!-- AddThis Advanced Settings generic via filter on wp_trim_excerpt --><!-- AddThis Share Buttons generic via filter on wp_trim_excerpt --><\/p>\n","protected":false},"author":3,"featured_media":0,"comment_status":"closed","ping_status":"open","sticky":false,"template":"","format":"standard","meta":{"footnotes":""},"categories":[7,478,18,13],"tags":[524,494,92,455,516,62,369],"class_list":["post-3281","post","type-post","status-publish","format-standard","hentry","category-arquivo-de-noticias","category-coronavirus-e-direitos-dos-professores","category-destaque","category-home","tag-alunos-do-unicuritiba","tag-grupo-anima","tag-justica","tag-nota","tag-professores-do-unicuritiba","tag-sinpes","tag-unicuritiba"],"_links":{"self":[{"href":"https:\/\/sinpes.org.br\/site\/wp-json\/wp\/v2\/posts\/3281","targetHints":{"allow":["GET"]}}],"collection":[{"href":"https:\/\/sinpes.org.br\/site\/wp-json\/wp\/v2\/posts"}],"about":[{"href":"https:\/\/sinpes.org.br\/site\/wp-json\/wp\/v2\/types\/post"}],"author":[{"embeddable":true,"href":"https:\/\/sinpes.org.br\/site\/wp-json\/wp\/v2\/users\/3"}],"replies":[{"embeddable":true,"href":"https:\/\/sinpes.org.br\/site\/wp-json\/wp\/v2\/comments?post=3281"}],"version-history":[{"count":3,"href":"https:\/\/sinpes.org.br\/site\/wp-json\/wp\/v2\/posts\/3281\/revisions"}],"predecessor-version":[{"id":3285,"href":"https:\/\/sinpes.org.br\/site\/wp-json\/wp\/v2\/posts\/3281\/revisions\/3285"}],"wp:attachment":[{"href":"https:\/\/sinpes.org.br\/site\/wp-json\/wp\/v2\/media?parent=3281"}],"wp:term":[{"taxonomy":"category","embeddable":true,"href":"https:\/\/sinpes.org.br\/site\/wp-json\/wp\/v2\/categories?post=3281"},{"taxonomy":"post_tag","embeddable":true,"href":"https:\/\/sinpes.org.br\/site\/wp-json\/wp\/v2\/tags?post=3281"}],"curies":[{"name":"wp","href":"https:\/\/api.w.org\/{rel}","templated":true}]}}