{"id":3277,"date":"2020-08-04T14:28:13","date_gmt":"2020-08-04T17:28:13","guid":{"rendered":"https:\/\/sinpes.org.br\/site\/?p=3277"},"modified":"2020-08-04T14:28:13","modified_gmt":"2020-08-04T17:28:13","slug":"professorases-sao-imunes-a-covid-19","status":"publish","type":"post","link":"https:\/\/sinpes.org.br\/site\/professorases-sao-imunes-a-covid-19\/","title":{"rendered":"Professoras(es) s\u00e3o imunes \u00e0 Covid 19?"},"content":{"rendered":"<p><strong>Artigo de Edson Stein, Professor no ensino superior privado, Doutor em Educa\u00e7\u00e3o \u2013 PPGE \u2013 UFPR e Diretor do Sinpes.\u00a0<\/strong><\/p>\n<p>N\u00e3o, mas considerada a decis\u00e3o, anunciada, ap\u00f3s as reuni\u00f5es da SEED- Secretaria de Educa\u00e7\u00e3o-PR E SINEPE-Sindicato das Escolas Particulares-PR, de retomadas das aulas presencias, com grupos de alunas(os), se alternando para assistir aulas presenciais, mas as(os) professoras(es) n\u00e3o fariam essa altern\u00e2ncia.<br \/>\nAssim, tem-se a impress\u00e3o que, governo, donos de escolas e pais e m\u00e3es, acabam de descobrir que professoras (es) s\u00e3o imunes ao Covid &#8211; 19.<br \/>\nSim, porque se essas(es) docentes podem atender, diariamente, as(os) nas aulas presencias, mas s\u00f3 as(os) estudantes precisam frequentar a escola de forma alternada, para evitar a contamina\u00e7\u00e3o, ou diminuir o risco de contamina\u00e7\u00e3o, significa que, se professoras(es) n\u00e3o precisam fazer essa altern\u00e2ncia para atender alunas(os), s\u00e3o imunes a contamina\u00e7\u00e3o, ou se comete um crime doloso contra professoras (es).<br \/>\nCrime doloso agravado, porque, al\u00e9m de deliberadamente exporem professoras(es) ao risco de contamina\u00e7\u00e3o, sabem que jovens e crian\u00e7as podem ser portadores do v\u00edrus, mas n\u00e3o desenvolvem sintomas.<br \/>\nCrime doloso provocado pela irresponsabilidade do governo, pela gan\u00e2ncia das(os) de escolas, com a cumplicidade de pais e m\u00e3es.<br \/>\nRespeitem quem ensina suas(seus) filhas(os).<br \/>\nN\u00e3o ao retorno das aulas presencias.<\/p>\n<!-- AddThis Advanced Settings generic via filter on the_content --><!-- AddThis Share Buttons generic via filter on the_content -->","protected":false},"excerpt":{"rendered":"<p>Artigo de Edson Stein, Professor no ensino superior privado, Doutor em Educa\u00e7\u00e3o \u2013 PPGE \u2013 UFPR e Diretor do Sinpes.\u00a0 N\u00e3o, mas considerada a decis\u00e3o, anunciada, ap\u00f3s as reuni\u00f5es da SEED- Secretaria de Educa\u00e7\u00e3o-PR E SINEPE-Sindicato das Escolas Particulares-PR, de retomadas das aulas presencias, com grupos de alunas(os), se alternando para assistir aulas presenciais, mas [&hellip;]<!-- AddThis Advanced Settings generic via filter on wp_trim_excerpt --><!-- AddThis Share Buttons generic via filter on wp_trim_excerpt --><\/p>\n","protected":false},"author":3,"featured_media":0,"comment_status":"closed","ping_status":"open","sticky":false,"template":"","format":"standard","meta":{"footnotes":""},"categories":[7,478,18,13],"tags":[456,462,568,567,68,566],"class_list":["post-3277","post","type-post","status-publish","format-standard","hentry","category-arquivo-de-noticias","category-coronavirus-e-direitos-dos-professores","category-destaque","category-home","tag-coronavirus","tag-covid-19","tag-professores-e-professoras","tag-secretaria-de-educacao","tag-sinepe","tag-volta-as-aulas"],"_links":{"self":[{"href":"https:\/\/sinpes.org.br\/site\/wp-json\/wp\/v2\/posts\/3277","targetHints":{"allow":["GET"]}}],"collection":[{"href":"https:\/\/sinpes.org.br\/site\/wp-json\/wp\/v2\/posts"}],"about":[{"href":"https:\/\/sinpes.org.br\/site\/wp-json\/wp\/v2\/types\/post"}],"author":[{"embeddable":true,"href":"https:\/\/sinpes.org.br\/site\/wp-json\/wp\/v2\/users\/3"}],"replies":[{"embeddable":true,"href":"https:\/\/sinpes.org.br\/site\/wp-json\/wp\/v2\/comments?post=3277"}],"version-history":[{"count":1,"href":"https:\/\/sinpes.org.br\/site\/wp-json\/wp\/v2\/posts\/3277\/revisions"}],"predecessor-version":[{"id":3278,"href":"https:\/\/sinpes.org.br\/site\/wp-json\/wp\/v2\/posts\/3277\/revisions\/3278"}],"wp:attachment":[{"href":"https:\/\/sinpes.org.br\/site\/wp-json\/wp\/v2\/media?parent=3277"}],"wp:term":[{"taxonomy":"category","embeddable":true,"href":"https:\/\/sinpes.org.br\/site\/wp-json\/wp\/v2\/categories?post=3277"},{"taxonomy":"post_tag","embeddable":true,"href":"https:\/\/sinpes.org.br\/site\/wp-json\/wp\/v2\/tags?post=3277"}],"curies":[{"name":"wp","href":"https:\/\/api.w.org\/{rel}","templated":true}]}}