{"id":3271,"date":"2020-07-30T13:43:04","date_gmt":"2020-07-30T16:43:04","guid":{"rendered":"https:\/\/sinpes.org.br\/site\/?p=3271"},"modified":"2020-07-30T13:43:04","modified_gmt":"2020-07-30T16:43:04","slug":"link-de-acesso-para-assembleia-dos-professores-as-do-unicuritiba","status":"publish","type":"post","link":"https:\/\/sinpes.org.br\/site\/link-de-acesso-para-assembleia-dos-professores-as-do-unicuritiba\/","title":{"rendered":"Link de acesso para Assembleia dos Professores (as) do Unicuritiba"},"content":{"rendered":"<p>Segue abaixo o link de acesso para a Assembleia com os professores e professoras do Unicuritiba. A Assembleia come\u00e7a em primeira chamada \u00e0s 16h30 e em segunda chamada \u00e0s 17h.<\/p>\n<p>SINPES Sindicato Prof. Ensino Superior Privado de Curitiba e Reg. Metr est\u00e1 convidando voc\u00ea para uma reuni\u00e3o Zoom agendada.<\/p>\n<p>T\u00f3pico: Assembl\u00e9ia das(os) Professoras(es) da Unicuritiba<br \/>\nHora: 30 jul 2020 16:30 S\u00e3o Paulo<\/p>\n<p>Entrar na reuni\u00e3o Zoom<br \/>\nhttps:\/\/zoom.us\/j\/93876071351?pwd=US9KdFNhVDdhYkRDUmJpWVhWSGZDQT09<\/p>\n<p>ID da reuni\u00e3o: 938 7607 1351<br \/>\nSenha de acesso: 348017<\/p>\n<!-- AddThis Advanced Settings generic via filter on the_content --><!-- AddThis Share Buttons generic via filter on the_content -->","protected":false},"excerpt":{"rendered":"<p>Segue abaixo o link de acesso para a Assembleia com os professores e professoras do Unicuritiba. A Assembleia come\u00e7a em primeira chamada \u00e0s 16h30 e em segunda chamada \u00e0s 17h. SINPES Sindicato Prof. Ensino Superior Privado de Curitiba e Reg. Metr est\u00e1 convidando voc\u00ea para uma reuni\u00e3o Zoom agendada. T\u00f3pico: Assembl\u00e9ia das(os) Professoras(es) da Unicuritiba [&hellip;]<!-- AddThis Advanced Settings generic via filter on wp_trim_excerpt --><!-- AddThis Share Buttons generic via filter on wp_trim_excerpt --><\/p>\n","protected":false},"author":3,"featured_media":0,"comment_status":"closed","ping_status":"open","sticky":false,"template":"","format":"standard","meta":{"footnotes":""},"categories":[7,478,18,13],"tags":[531,563,305,529,494,516,369],"class_list":["post-3271","post","type-post","status-publish","format-standard","hentry","category-arquivo-de-noticias","category-coronavirus-e-direitos-dos-professores","category-destaque","category-home","tag-70-anos-destruidos-em-07-meses","tag-acordo-unicuritiba","tag-assembleia","tag-assembleia-unicuritiba","tag-grupo-anima","tag-professores-do-unicuritiba","tag-unicuritiba"],"_links":{"self":[{"href":"https:\/\/sinpes.org.br\/site\/wp-json\/wp\/v2\/posts\/3271","targetHints":{"allow":["GET"]}}],"collection":[{"href":"https:\/\/sinpes.org.br\/site\/wp-json\/wp\/v2\/posts"}],"about":[{"href":"https:\/\/sinpes.org.br\/site\/wp-json\/wp\/v2\/types\/post"}],"author":[{"embeddable":true,"href":"https:\/\/sinpes.org.br\/site\/wp-json\/wp\/v2\/users\/3"}],"replies":[{"embeddable":true,"href":"https:\/\/sinpes.org.br\/site\/wp-json\/wp\/v2\/comments?post=3271"}],"version-history":[{"count":1,"href":"https:\/\/sinpes.org.br\/site\/wp-json\/wp\/v2\/posts\/3271\/revisions"}],"predecessor-version":[{"id":3272,"href":"https:\/\/sinpes.org.br\/site\/wp-json\/wp\/v2\/posts\/3271\/revisions\/3272"}],"wp:attachment":[{"href":"https:\/\/sinpes.org.br\/site\/wp-json\/wp\/v2\/media?parent=3271"}],"wp:term":[{"taxonomy":"category","embeddable":true,"href":"https:\/\/sinpes.org.br\/site\/wp-json\/wp\/v2\/categories?post=3271"},{"taxonomy":"post_tag","embeddable":true,"href":"https:\/\/sinpes.org.br\/site\/wp-json\/wp\/v2\/tags?post=3271"}],"curies":[{"name":"wp","href":"https:\/\/api.w.org\/{rel}","templated":true}]}}