{"id":3267,"date":"2020-07-29T13:56:30","date_gmt":"2020-07-29T16:56:30","guid":{"rendered":"https:\/\/sinpes.org.br\/site\/?p=3267"},"modified":"2020-07-29T13:56:30","modified_gmt":"2020-07-29T16:56:30","slug":"link-de-acesso-para-assembleia-dos-professores-as-da-universidade-positivo","status":"publish","type":"post","link":"https:\/\/sinpes.org.br\/site\/link-de-acesso-para-assembleia-dos-professores-as-da-universidade-positivo\/","title":{"rendered":"Link de acesso para Assembleia dos Professores (as) da Universidade Positivo"},"content":{"rendered":"<p>Segue abaixo o link de acesso para a Assembleia com os professores e professoras da Universidade Positivo. A Assembleia come\u00e7a em primeira chamada \u00e0s 16h30 e em segunda chamada \u00e0s 17h.<\/p>\n<p>SINPES Sindicato Prof. Ensino Superior Privado de Curitiba e Reg. Metr est\u00e1 convidando voc\u00ea para uma reuni\u00e3o Zoom agendada.<\/p>\n<p>T\u00f3pico: Assembl\u00e9ia das(os) Professoras(es) da UP<br \/>\nHora: 29 jul 2020 16:30 S\u00e3o Paulo<\/p>\n<p>Entrar na reuni\u00e3o Zoom<br \/>\nhttps:\/\/zoom.us\/j\/98342497089?pwd=OTR4M0RNM1pVYnU5bjAyZjhPdnhrZz09<\/p>\n<p>ID da reuni\u00e3o: 983 4249 7089<br \/>\nSenha de acesso: 985919<\/p>\n<!-- AddThis Advanced Settings generic via filter on the_content --><!-- AddThis Share Buttons generic via filter on the_content -->","protected":false},"excerpt":{"rendered":"<p>Segue abaixo o link de acesso para a Assembleia com os professores e professoras da Universidade Positivo. A Assembleia come\u00e7a em primeira chamada \u00e0s 16h30 e em segunda chamada \u00e0s 17h. SINPES Sindicato Prof. Ensino Superior Privado de Curitiba e Reg. Metr est\u00e1 convidando voc\u00ea para uma reuni\u00e3o Zoom agendada. T\u00f3pico: Assembl\u00e9ia das(os) Professoras(es) da [&hellip;]<!-- AddThis Advanced Settings generic via filter on wp_trim_excerpt --><!-- AddThis Share Buttons generic via filter on wp_trim_excerpt --><\/p>\n","protected":false},"author":3,"featured_media":0,"comment_status":"closed","ping_status":"open","sticky":false,"template":"","format":"standard","meta":{"footnotes":""},"categories":[7,478,18,13,175],"tags":[562,560,548,551],"class_list":["post-3267","post","type-post","status-publish","format-standard","hentry","category-arquivo-de-noticias","category-coronavirus-e-direitos-dos-professores","category-destaque","category-home","category-positivo","tag-assembleia-positivo","tag-cruzeiro-do-sul-educacional","tag-demissoes-positivo","tag-professores-positivo"],"_links":{"self":[{"href":"https:\/\/sinpes.org.br\/site\/wp-json\/wp\/v2\/posts\/3267","targetHints":{"allow":["GET"]}}],"collection":[{"href":"https:\/\/sinpes.org.br\/site\/wp-json\/wp\/v2\/posts"}],"about":[{"href":"https:\/\/sinpes.org.br\/site\/wp-json\/wp\/v2\/types\/post"}],"author":[{"embeddable":true,"href":"https:\/\/sinpes.org.br\/site\/wp-json\/wp\/v2\/users\/3"}],"replies":[{"embeddable":true,"href":"https:\/\/sinpes.org.br\/site\/wp-json\/wp\/v2\/comments?post=3267"}],"version-history":[{"count":1,"href":"https:\/\/sinpes.org.br\/site\/wp-json\/wp\/v2\/posts\/3267\/revisions"}],"predecessor-version":[{"id":3268,"href":"https:\/\/sinpes.org.br\/site\/wp-json\/wp\/v2\/posts\/3267\/revisions\/3268"}],"wp:attachment":[{"href":"https:\/\/sinpes.org.br\/site\/wp-json\/wp\/v2\/media?parent=3267"}],"wp:term":[{"taxonomy":"category","embeddable":true,"href":"https:\/\/sinpes.org.br\/site\/wp-json\/wp\/v2\/categories?post=3267"},{"taxonomy":"post_tag","embeddable":true,"href":"https:\/\/sinpes.org.br\/site\/wp-json\/wp\/v2\/tags?post=3267"}],"curies":[{"name":"wp","href":"https:\/\/api.w.org\/{rel}","templated":true}]}}