{"id":3265,"date":"2020-07-28T16:21:39","date_gmt":"2020-07-28T19:21:39","guid":{"rendered":"https:\/\/sinpes.org.br\/site\/?p=3265"},"modified":"2020-07-28T16:21:39","modified_gmt":"2020-07-28T19:21:39","slug":"sinpes-convida-professores-as-e-ex-professores-as-do-unicuritiba-para-assembleia-virtual","status":"publish","type":"post","link":"https:\/\/sinpes.org.br\/site\/sinpes-convida-professores-as-e-ex-professores-as-do-unicuritiba-para-assembleia-virtual\/","title":{"rendered":"Sinpes convida professores (as) e ex-professores (as) do Unicuritiba para Assembleia Virtual"},"content":{"rendered":"<p>Na pr\u00f3xima quinta-feira (30\/07), o Sindicato dos Professores de Ensino Superior de Curitiba e Regi\u00e3o Metropolitana (Sinpes) realizar\u00e1 uma Assembleia Virtual com professoras e professores do Unicuritiba. Poder\u00e3o participar tanto os docentes que ainda est\u00e3o na institui\u00e7\u00e3o, quanto aqueles que foram demitidos.<\/p>\n<p>Na pauta da Assembleia est\u00e3o os temas que foram discutidos em audi\u00eancia do Minist\u00e9rio P\u00fablico do Trabalho no \u00faltimo dia 21\/07, bem como a ratifica\u00e7\u00e3o da pauta de reivindica\u00e7\u00f5es encaminhada \u00e0 Institui\u00e7\u00e3o de Ensino Superior na oportunidade.<\/p>\n<p>Consta da pauta de reivindica\u00e7\u00f5es encaminhada, pretens\u00e3o para que os crit\u00e9rios de implanta\u00e7\u00e3o das Unidades Curriculares seja objeto de Acordo Coletivo de Trabalho, a revers\u00e3o das demiss\u00f5es dos professores que tiveram participa\u00e7\u00e3o de lideran\u00e7a no movimento e a invalida\u00e7\u00e3o de instrumento de transa\u00e7\u00e3o extrajudicial \u201coferecido\u201d aos professores demitidos com cl\u00e1usulas leoninas.<\/p>\n<p>At\u00e9 o dia 29.07.2020 o grupo \u00c2nima poder\u00e1 posicionar-se no processo de media\u00e7\u00e3o a respeito da pauta de reivindica\u00e7\u00f5es encaminhada. A prop\u00f3sito da reforma curricular os representantes patronais presentes \u00e0 audi\u00eancia j\u00e1 se posicionaram no sentido de n\u00e3o admitir espa\u00e7o para negocia\u00e7\u00e3o coletiva, adiantando que pretendem cassar a liminar obtida pelas entidades estudantis que exige a participa\u00e7\u00e3o do corpo docente e discente para a reformula\u00e7\u00e3o dos curr\u00edculos dos cursos e dar andamento \u00e0 implanta\u00e7\u00e3o das Unidades Curriculares j\u00e1 no in\u00edcio do segundo semestre de 2020 para os primeiros per\u00edodos dos diversos cursos em funcionamento na Unicuritba.<\/p>\n<p>Caracterizado malogro nas negocia\u00e7\u00f5es, os professores poder\u00e3o optar pela deflagra\u00e7\u00e3o de greve por tempo indeterminado.<\/p>\n<p>A Assembleia acontece na pr\u00f3xima quinta-feira 30\/07 \u00e0s 17 h e o link de acesso ser\u00e1 disponibilizado a partir das 14h do dia 30\/07 no site do sindicato (sinpes.org.br), em nossas redes sociais e tamb\u00e9m poder\u00e1 ser solicitado pelo e-mail: <a href=\"mailto:comunicacao@sinpes.org.br\">comunicacao@sinpes.org.br<\/a><\/p>\n<!-- AddThis Advanced Settings generic via filter on the_content --><!-- AddThis Share Buttons generic via filter on the_content -->","protected":false},"excerpt":{"rendered":"<p>Na pr\u00f3xima quinta-feira (30\/07), o Sindicato dos Professores de Ensino Superior de Curitiba e Regi\u00e3o Metropolitana (Sinpes) realizar\u00e1 uma Assembleia Virtual com professoras e professores do Unicuritiba. Poder\u00e3o participar tanto os docentes que ainda est\u00e3o na institui\u00e7\u00e3o, quanto aqueles que foram demitidos. Na pauta da Assembleia est\u00e3o os temas que foram discutidos em audi\u00eancia do [&hellip;]<!-- AddThis Advanced Settings generic via filter on wp_trim_excerpt --><!-- AddThis Share Buttons generic via filter on wp_trim_excerpt --><\/p>\n","protected":false},"author":3,"featured_media":0,"comment_status":"closed","ping_status":"open","sticky":false,"template":"","format":"standard","meta":{"footnotes":""},"categories":[7,478,18,13],"tags":[531,529,561,494,521,369],"class_list":["post-3265","post","type-post","status-publish","format-standard","hentry","category-arquivo-de-noticias","category-coronavirus-e-direitos-dos-professores","category-destaque","category-home","tag-70-anos-destruidos-em-07-meses","tag-assembleia-unicuritiba","tag-demissoes-unicuritiba","tag-grupo-anima","tag-professores-unicuritiba","tag-unicuritiba"],"_links":{"self":[{"href":"https:\/\/sinpes.org.br\/site\/wp-json\/wp\/v2\/posts\/3265","targetHints":{"allow":["GET"]}}],"collection":[{"href":"https:\/\/sinpes.org.br\/site\/wp-json\/wp\/v2\/posts"}],"about":[{"href":"https:\/\/sinpes.org.br\/site\/wp-json\/wp\/v2\/types\/post"}],"author":[{"embeddable":true,"href":"https:\/\/sinpes.org.br\/site\/wp-json\/wp\/v2\/users\/3"}],"replies":[{"embeddable":true,"href":"https:\/\/sinpes.org.br\/site\/wp-json\/wp\/v2\/comments?post=3265"}],"version-history":[{"count":1,"href":"https:\/\/sinpes.org.br\/site\/wp-json\/wp\/v2\/posts\/3265\/revisions"}],"predecessor-version":[{"id":3266,"href":"https:\/\/sinpes.org.br\/site\/wp-json\/wp\/v2\/posts\/3265\/revisions\/3266"}],"wp:attachment":[{"href":"https:\/\/sinpes.org.br\/site\/wp-json\/wp\/v2\/media?parent=3265"}],"wp:term":[{"taxonomy":"category","embeddable":true,"href":"https:\/\/sinpes.org.br\/site\/wp-json\/wp\/v2\/categories?post=3265"},{"taxonomy":"post_tag","embeddable":true,"href":"https:\/\/sinpes.org.br\/site\/wp-json\/wp\/v2\/tags?post=3265"}],"curies":[{"name":"wp","href":"https:\/\/api.w.org\/{rel}","templated":true}]}}