{"id":3263,"date":"2020-07-28T09:41:27","date_gmt":"2020-07-28T12:41:27","guid":{"rendered":"https:\/\/sinpes.org.br\/site\/?p=3263"},"modified":"2020-07-28T09:41:27","modified_gmt":"2020-07-28T12:41:27","slug":"sinpes-convida-professores-as-e-ex-professores-as-da-universidade-positivo-para-assembleia-virtual","status":"publish","type":"post","link":"https:\/\/sinpes.org.br\/site\/sinpes-convida-professores-as-e-ex-professores-as-da-universidade-positivo-para-assembleia-virtual\/","title":{"rendered":"Sinpes convida professores (as) e ex-professores (as) da Universidade Positivo para Assembleia Virtual"},"content":{"rendered":"<p>Na pr\u00f3xima quarta-feira (29\/07), o Sindicato dos Professores de Ensino Superior de Curitiba e Regi\u00e3o Metropolitana (Sinpes) realizar\u00e1 uma Assembleia Virtual com professoras e professores da Universidade Positivo. Poder\u00e3o participar tanto os docentes que foram demitidos, quanto aqueles que ainda trabalham na institui\u00e7\u00e3o.<\/p>\n<p>Na pauta da Assembleia est\u00e3o os temas que foram discutidos em audi\u00eancia do Minist\u00e9rio P\u00fablico do Trabalho no \u00faltimo dia 23\/07. Entre eles uma indeniza\u00e7\u00e3o compensat\u00f3ria para minimizar os efeitos das demiss\u00f5es coletivas ocorridas em plena pandemia. Embora o grupo Cruzeiro do Sul n\u00e3o admita que tenha ocorrido despedida coletiva, concordou em negociar a possibilidade de pagamento dessa indeniza\u00e7\u00e3o adicional.<\/p>\n<p>Al\u00e9m disso, a Assembleia tratar\u00e1 da luta por condi\u00e7\u00f5es m\u00ednimas de trabalho para os que continuam prestando servi\u00e7os na UP mediante elabora\u00e7\u00e3o de uma pauta de reivindica\u00e7\u00f5es que, dentre outros pedidos, dever\u00e1 conter o restabelecimento imediato do pagamento do adicional noturno.<\/p>\n<p>Aprovada a pauta de reivindica\u00e7\u00f5es, as partes ter\u00e3o todo o m\u00eas de agosto para negocia\u00e7\u00e3o e celebra\u00e7\u00e3o de eventual ajuste que poder\u00e1 ser apresentado em reuni\u00e3o final agendada junto ao Minist\u00e9rio P\u00fablico do Trabalho para o pr\u00f3ximo dia 01 de setembro.<\/p>\n<p>A Assembleia acontece na pr\u00f3xima quarta-feira 29\/07 \u00e0s 17 h e o link de acesso ser\u00e1 disponibilizado a partir das 14h do dia 29\/07 no site do sindicato (sinpes.org.br), em nossas redes sociais e tamb\u00e9m poder\u00e1 ser solicitado pelo e-mail: <a href=\"mailto:comunicacao@sinpes.org.br\">comunicacao@sinpes.org.br<\/a>.<\/p>\n<!-- AddThis Advanced Settings generic via filter on the_content --><!-- AddThis Share Buttons generic via filter on the_content -->","protected":false},"excerpt":{"rendered":"<p>Na pr\u00f3xima quarta-feira (29\/07), o Sindicato dos Professores de Ensino Superior de Curitiba e Regi\u00e3o Metropolitana (Sinpes) realizar\u00e1 uma Assembleia Virtual com professoras e professores da Universidade Positivo. Poder\u00e3o participar tanto os docentes que foram demitidos, quanto aqueles que ainda trabalham na institui\u00e7\u00e3o. Na pauta da Assembleia est\u00e3o os temas que foram discutidos em audi\u00eancia [&hellip;]<!-- AddThis Advanced Settings generic via filter on wp_trim_excerpt --><!-- AddThis Share Buttons generic via filter on wp_trim_excerpt --><\/p>\n","protected":false},"author":3,"featured_media":0,"comment_status":"closed","ping_status":"open","sticky":false,"template":"","format":"standard","meta":{"footnotes":""},"categories":[7,478,18,13,175],"tags":[520,515,560,536,198],"class_list":["post-3263","post","type-post","status-publish","format-standard","hentry","category-arquivo-de-noticias","category-coronavirus-e-direitos-dos-professores","category-destaque","category-home","category-positivo","tag-assembleia-de-professores","tag-assembleia-virtual","tag-cruzeiro-do-sul-educacional","tag-professores-da-positivo","tag-universidade-positivo"],"_links":{"self":[{"href":"https:\/\/sinpes.org.br\/site\/wp-json\/wp\/v2\/posts\/3263","targetHints":{"allow":["GET"]}}],"collection":[{"href":"https:\/\/sinpes.org.br\/site\/wp-json\/wp\/v2\/posts"}],"about":[{"href":"https:\/\/sinpes.org.br\/site\/wp-json\/wp\/v2\/types\/post"}],"author":[{"embeddable":true,"href":"https:\/\/sinpes.org.br\/site\/wp-json\/wp\/v2\/users\/3"}],"replies":[{"embeddable":true,"href":"https:\/\/sinpes.org.br\/site\/wp-json\/wp\/v2\/comments?post=3263"}],"version-history":[{"count":1,"href":"https:\/\/sinpes.org.br\/site\/wp-json\/wp\/v2\/posts\/3263\/revisions"}],"predecessor-version":[{"id":3264,"href":"https:\/\/sinpes.org.br\/site\/wp-json\/wp\/v2\/posts\/3263\/revisions\/3264"}],"wp:attachment":[{"href":"https:\/\/sinpes.org.br\/site\/wp-json\/wp\/v2\/media?parent=3263"}],"wp:term":[{"taxonomy":"category","embeddable":true,"href":"https:\/\/sinpes.org.br\/site\/wp-json\/wp\/v2\/categories?post=3263"},{"taxonomy":"post_tag","embeddable":true,"href":"https:\/\/sinpes.org.br\/site\/wp-json\/wp\/v2\/tags?post=3263"}],"curies":[{"name":"wp","href":"https:\/\/api.w.org\/{rel}","templated":true}]}}