{"id":3260,"date":"2020-07-27T10:36:37","date_gmt":"2020-07-27T13:36:37","guid":{"rendered":"https:\/\/sinpes.org.br\/site\/?p=3260"},"modified":"2020-07-27T10:36:37","modified_gmt":"2020-07-27T13:36:37","slug":"uninter-facam-o-que-eu-digo-mas-nao-facam-o-que-eu-faco","status":"publish","type":"post","link":"https:\/\/sinpes.org.br\/site\/uninter-facam-o-que-eu-digo-mas-nao-facam-o-que-eu-faco\/","title":{"rendered":"Uninter: fa\u00e7am o que eu digo, mas n\u00e3o fa\u00e7am o que eu fa\u00e7o!"},"content":{"rendered":"<p>O Centro Universit\u00e1rio Internacional &#8211; Uninter tem, a exemplo de outras universidades privadas de Curitiba e Regi\u00e3o, protagonizado diversas demiss\u00f5es de professores e professoras nas \u00faltimas semanas, assim como redu\u00e7\u00f5es significativas na carga hor\u00e1ria e na remunera\u00e7\u00e3o de seus docentes.<\/p>\n<p>Pensando em minimizar o preju\u00edzo destes trabalhadores, o Sindicato dos Professores de Ensino Superior de Curitiba e Regi\u00e3o Metropolitana (Sinpes) solicitou uma audi\u00eancia com representantes da institui\u00e7\u00e3o no Minist\u00e9rio P\u00fablico do Trabalho (MPT).<\/p>\n<p>A audi\u00eancia seria realizada nesta ter\u00e7a-feira dia 21\/07. Entretanto, dando de ombros ao problema social que ela mesmo criou e contrariando o discurso pol\u00edtico de seu propriet\u00e1rio Wilson Pickler, que prega o di\u00e1logo e a rela\u00e7\u00e3o harm\u00f4nica entre os atores do teatro social, \u00a0a institui\u00e7\u00e3o de ensino superior simplesmente recusou reunir-se com o Sinpes, declinando \u00a0da media\u00e7\u00e3o do Minist\u00e9rio P\u00fablico. Em consequ\u00eancia a reuni\u00e3o foi cancelada.<\/p>\n<p>As demiss\u00f5es no Uninter v\u00eam acontecendo de maneira recorrente desde meados de 2019. Acentuaram-se em plena pandemia da Covid-19. No dia 07 de julho o Sinpes realizou reuni\u00e3o <em>online<\/em> com professoras e professores da institui\u00e7\u00e3o. Nela, os docentes revelaram o quadro de afli\u00e7\u00e3o vivido no centro universit\u00e1rio: multiplicam-se demiss\u00f5es; educadores s\u00e3o submetidos a press\u00e3o psicol\u00f3gica por parte de seus superiores hier\u00e1rquicos e cargas hor\u00e1rias sofrem cortes lineares em muitos cursos.<\/p>\n<p>Embora a contrarreforma trabalhista tenha expressamente afastado qualquer direito dos trabalhadores em caso de despedida coletiva, subsiste a tese de que deve ser garantido aos demitidos nessas circunst\u00e2ncias, uma indeniza\u00e7\u00e3o estabelecida em negocia\u00e7\u00e3o coletiva ou judicialmente arbitrada com base em preceitos constitucionais, conforme decidido pelo Tribunal Superior do Trabalho no paradigm\u00e1tico caso da Embraer.<\/p>\n<p>O Sinpes pretende que o Minist\u00e9rio P\u00fablico do Trabalho pelo menos exija que o Uninter revele a quantidade real de professoras e professores que foram demitidos agora n\u00e3o mais como mediador mas como fiscal da lei, definindo-se assim se houve ou n\u00e3o despedida coletiva.<\/p>\n<p>Al\u00e9m disso, o Sinpes pretende aliar-se aos estudantes do centro universit\u00e1rio que, assim como os docentes, s\u00e3o profundamente prejudicados pelas demiss\u00f5es em face da precariza\u00e7\u00e3o do ensino da\u00ed decorrente. Os estudantes de outras duas grandes universidades (Unicuritiba e Universidade Positivo) t\u00eam protagonizado importantes manifesta\u00e7\u00f5es e conseguido significativas vit\u00f3rias contra a precariza\u00e7\u00e3o do ensino dispensada a eles.<\/p>\n<p>O sindicato entrou em contato com a Assessoria do Uninter para pedir uma nota de esclarecimento sobre os fatos trazidos nesta mat\u00e9ria. Mas n\u00e3o recebeu resposta.<\/p>\n<!-- AddThis Advanced Settings generic via filter on the_content --><!-- AddThis Share Buttons generic via filter on the_content -->","protected":false},"excerpt":{"rendered":"<p>O Centro Universit\u00e1rio Internacional &#8211; Uninter tem, a exemplo de outras universidades privadas de Curitiba e Regi\u00e3o, protagonizado diversas demiss\u00f5es de professores e professoras nas \u00faltimas semanas, assim como redu\u00e7\u00f5es significativas na carga hor\u00e1ria e na remunera\u00e7\u00e3o de seus docentes. Pensando em minimizar o preju\u00edzo destes trabalhadores, o Sindicato dos Professores de Ensino Superior de [&hellip;]<!-- AddThis Advanced Settings generic via filter on wp_trim_excerpt --><!-- AddThis Share Buttons generic via filter on wp_trim_excerpt --><\/p>\n","protected":false},"author":3,"featured_media":0,"comment_status":"closed","ping_status":"open","sticky":false,"template":"","format":"standard","meta":{"footnotes":""},"categories":[7,478,18,13],"tags":[559,558,541,469],"class_list":["post-3260","post","type-post","status-publish","format-standard","hentry","category-arquivo-de-noticias","category-coronavirus-e-direitos-dos-professores","category-destaque","category-home","tag-audiencia-no-mpt","tag-demissoes-no-uninter","tag-professores-do-uninter","tag-uninter"],"_links":{"self":[{"href":"https:\/\/sinpes.org.br\/site\/wp-json\/wp\/v2\/posts\/3260","targetHints":{"allow":["GET"]}}],"collection":[{"href":"https:\/\/sinpes.org.br\/site\/wp-json\/wp\/v2\/posts"}],"about":[{"href":"https:\/\/sinpes.org.br\/site\/wp-json\/wp\/v2\/types\/post"}],"author":[{"embeddable":true,"href":"https:\/\/sinpes.org.br\/site\/wp-json\/wp\/v2\/users\/3"}],"replies":[{"embeddable":true,"href":"https:\/\/sinpes.org.br\/site\/wp-json\/wp\/v2\/comments?post=3260"}],"version-history":[{"count":1,"href":"https:\/\/sinpes.org.br\/site\/wp-json\/wp\/v2\/posts\/3260\/revisions"}],"predecessor-version":[{"id":3261,"href":"https:\/\/sinpes.org.br\/site\/wp-json\/wp\/v2\/posts\/3260\/revisions\/3261"}],"wp:attachment":[{"href":"https:\/\/sinpes.org.br\/site\/wp-json\/wp\/v2\/media?parent=3260"}],"wp:term":[{"taxonomy":"category","embeddable":true,"href":"https:\/\/sinpes.org.br\/site\/wp-json\/wp\/v2\/categories?post=3260"},{"taxonomy":"post_tag","embeddable":true,"href":"https:\/\/sinpes.org.br\/site\/wp-json\/wp\/v2\/tags?post=3260"}],"curies":[{"name":"wp","href":"https:\/\/api.w.org\/{rel}","templated":true}]}}