{"id":3256,"date":"2020-07-24T14:17:07","date_gmt":"2020-07-24T17:17:07","guid":{"rendered":"https:\/\/sinpes.org.br\/site\/?p=3256"},"modified":"2020-07-24T14:17:07","modified_gmt":"2020-07-24T17:17:07","slug":"sinpes-e-representantes-da-universidade-positivo-se-reuniram-no-mpt","status":"publish","type":"post","link":"https:\/\/sinpes.org.br\/site\/sinpes-e-representantes-da-universidade-positivo-se-reuniram-no-mpt\/","title":{"rendered":"Sinpes e representantes da Universidade Positivo se reuniram no MPT"},"content":{"rendered":"<p>Na tarde desta quinta-feira (23), Sinpes e representantes da Universidade Positivo participaram de uma audi\u00eancia no Minist\u00e9rio P\u00fablico do Trabalho para discutir as centenas de demiss\u00f5es promovidas no m\u00eas de julho de 2020.<\/p>\n<p>No encontro, por meio de seus representantes, a Cruzeiro do Sul Educacional n\u00e3o reconheceu que tenha realizado o que se pode definir tecnicamente como despedida coletiva, mas admitiu que houve muitas demiss\u00f5es, endossando o discurso de seu patriarca Hermes Ferreira Figueiredo, que em carta endere\u00e7ada a todos os professores, j\u00e1 havia reconhecido um grande n\u00famero de demiss\u00f5es.<\/p>\n<p>Embora os representantes da Cruzeiro do Sul ressalvem nada deverem mesmo que caracterizada a despedida coletiva, em face do que estabelece a contrarreforma trabalhista e fa\u00e7am quest\u00e3o de afirmar que \u00a0\u00e9 imposs\u00edvel a reintegra\u00e7\u00e3o de parte dos demitidos, admitem a possibilidade de negociarem uma indeniza\u00e7\u00e3o compensat\u00f3ria para minimizar os efeitos da ruptura contratual em plena pandemia.<\/p>\n<p>O Sinpes realizar\u00e1 uma Assembleia Virtual com professores e professoras da Positivo (tanto com os que foram demitidos quanto com os que ainda trabalham na UP) na quarta-feira (29\/07) para preparar uma pauta de reivindica\u00e7\u00f5es que abranja n\u00e3o s\u00f3 uma indeniza\u00e7\u00e3o compensat\u00f3ria condigna, \u00a0mas tamb\u00e9m condi\u00e7\u00f5es m\u00ednimas de trabalho para os que continuam prestando servi\u00e7os.<\/p>\n<p>Entre outras quest\u00f5es que dever\u00e3o ser discutidas pela categoria certamente estar\u00e1 o restabelecimento do pagamento do adicional noturno e das atividades de pesquisa e de extens\u00e3o, a necessidade de informa\u00e7\u00e3o sobre o n\u00famero de demitidos e o n\u00famero de professores integrantes do corpo docente, bem como o estabelecimento de crit\u00e9rios para futuras demiss\u00f5es.<\/p>\n<p>As partes dever\u00e3o negociar diretamente durante o m\u00eas de agosto. Ficou agendada para o dia 01\/09\/2020 reuni\u00e3o com o MPT \u00b4para fechamento ou n\u00e3o de acordo entre as partes.<\/p>\n<p>\u00c9 importante que alunos e professores n\u00e3o arrefe\u00e7am na mobiliza\u00e7\u00e3o e na den\u00fancia das irregularidades verificadas, efetiva respons\u00e1vel pelo di\u00e1logo instaurado a duras penas entre as partes. O comparecimento maci\u00e7o \u00e0 assembleia de todos os interessados e das lideran\u00e7as estudantis credenciadas previamente \u00e9 essencial para o sucesso dessas tratativas. O hor\u00e1rio e os meios de acesso \u00e0 Assembleia virtual ser\u00e3o divulgados pelo Sinpes no in\u00edcio da pr\u00f3xima semana.<\/p>\n<!-- AddThis Advanced Settings generic via filter on the_content --><!-- AddThis Share Buttons generic via filter on the_content -->","protected":false},"excerpt":{"rendered":"<p>Na tarde desta quinta-feira (23), Sinpes e representantes da Universidade Positivo participaram de uma audi\u00eancia no Minist\u00e9rio P\u00fablico do Trabalho para discutir as centenas de demiss\u00f5es promovidas no m\u00eas de julho de 2020. No encontro, por meio de seus representantes, a Cruzeiro do Sul Educacional n\u00e3o reconheceu que tenha realizado o que se pode definir [&hellip;]<!-- AddThis Advanced Settings generic via filter on wp_trim_excerpt --><!-- AddThis Share Buttons generic via filter on wp_trim_excerpt --><\/p>\n","protected":false},"author":3,"featured_media":0,"comment_status":"closed","ping_status":"open","sticky":false,"template":"","format":"standard","meta":{"footnotes":""},"categories":[7,478,18,13,175],"tags":[556,540,366,557,250,198],"class_list":["post-3256","post","type-post","status-publish","format-standard","hentry","category-arquivo-de-noticias","category-coronavirus-e-direitos-dos-professores","category-destaque","category-home","category-positivo","tag-audiencia-up","tag-cruzeiro-do-sul","tag-demissoes","tag-demissoes-na-positivo","tag-ministerio-publico-do-trabalho","tag-universidade-positivo"],"_links":{"self":[{"href":"https:\/\/sinpes.org.br\/site\/wp-json\/wp\/v2\/posts\/3256","targetHints":{"allow":["GET"]}}],"collection":[{"href":"https:\/\/sinpes.org.br\/site\/wp-json\/wp\/v2\/posts"}],"about":[{"href":"https:\/\/sinpes.org.br\/site\/wp-json\/wp\/v2\/types\/post"}],"author":[{"embeddable":true,"href":"https:\/\/sinpes.org.br\/site\/wp-json\/wp\/v2\/users\/3"}],"replies":[{"embeddable":true,"href":"https:\/\/sinpes.org.br\/site\/wp-json\/wp\/v2\/comments?post=3256"}],"version-history":[{"count":1,"href":"https:\/\/sinpes.org.br\/site\/wp-json\/wp\/v2\/posts\/3256\/revisions"}],"predecessor-version":[{"id":3257,"href":"https:\/\/sinpes.org.br\/site\/wp-json\/wp\/v2\/posts\/3256\/revisions\/3257"}],"wp:attachment":[{"href":"https:\/\/sinpes.org.br\/site\/wp-json\/wp\/v2\/media?parent=3256"}],"wp:term":[{"taxonomy":"category","embeddable":true,"href":"https:\/\/sinpes.org.br\/site\/wp-json\/wp\/v2\/categories?post=3256"},{"taxonomy":"post_tag","embeddable":true,"href":"https:\/\/sinpes.org.br\/site\/wp-json\/wp\/v2\/tags?post=3256"}],"curies":[{"name":"wp","href":"https:\/\/api.w.org\/{rel}","templated":true}]}}