{"id":3250,"date":"2020-07-23T14:14:44","date_gmt":"2020-07-23T17:14:44","guid":{"rendered":"https:\/\/sinpes.org.br\/site\/?p=3250"},"modified":"2020-07-23T14:14:44","modified_gmt":"2020-07-23T17:14:44","slug":"associacao-brasileira-de-juristas-pela-democracia-nucleo-parana-se-manifesta-contra-a-mercantilizacao-do-ensino-superior-privado","status":"publish","type":"post","link":"https:\/\/sinpes.org.br\/site\/associacao-brasileira-de-juristas-pela-democracia-nucleo-parana-se-manifesta-contra-a-mercantilizacao-do-ensino-superior-privado\/","title":{"rendered":"Associa\u00e7\u00e3o Brasileira de Juristas pela Democracia &#8211; N\u00facleo Paran\u00e1 se manifesta contra a mercantiliza\u00e7\u00e3o do ensino superior privado"},"content":{"rendered":"<p>Nota oficial da ABJD- N\u00facleo Paran\u00e1<\/p>\n<p>A Associa\u00e7\u00e3o Brasileira de Juristas pela Democracia, N\u00facleo Paran\u00e1 (ABJD-PR), vem a p\u00fablico manifestar solidariedade a professores e estudantes de diversas faculdades de Curitiba que realizam numerosas dispensas no \u00faltimo per\u00edodo, entre elas, mais notadamente, a Universidade Positivo e o Centro Universit\u00e1rio Unicuritiba. As duas institui\u00e7\u00f5es foram compradas por grandes grupos educacionais no final de 2019 e passam por um r\u00e1pido e crescente processo de mercantiliza\u00e7\u00e3o do ensino que se caracteriza pelo enfraquecimento da modalidade de ensino presencial e por demiss\u00f5es progressivas de docentes.<\/p>\n<p>As despedidas se d\u00e3o em meio a uma crise econ\u00f4mica que \u00e9 agravada pela crise sanit\u00e1ria decorrente da pandemia de Covid-19. No Paran\u00e1, o Instituto Paranaense de Desenvolvimento Econ\u00f4mico e Social (Ipardes) estima que, at\u00e9 final de 2020, o estado pode ter mais de 450 mil novos desempregados. Diante desse cen\u00e1rio preocupante, a ABJD destaca a import\u00e2ncia de se preservar o trabalho e o bem-estar humano em detrimento do lucro financeiro, premissa que deveria nortear as decis\u00f5es do empresariado.<\/p>\n<p>O Centro Universit\u00e1rio Unicuritiba, tradicional institui\u00e7\u00e3o do ensino do Direito e com 70 anos de hist\u00f3ria, foi comprada em dezembro passado pelo Grupo \u00c2nima Educacional. Ao final do primeiro semestre de 2020 os novos administradores revelaram profundas mudan\u00e7as na matriz curricular dos cursos e tamb\u00e9m no processo de sele\u00e7\u00e3o para contrata\u00e7\u00e3o de docentes.\u00a0 As altera\u00e7\u00f5es propostas pelo grupo paulista fortalecem o Ensino a Dist\u00e2ncia, comprometendo a qualidade dos cursos oferecidos e tamb\u00e9m avan\u00e7am sobre direitos dos professores que ter\u00e3o sua carga hor\u00e1ria de trabalho diminu\u00edda e poder\u00e3o tamb\u00e9m perder o emprego.<\/p>\n<p>As mudan\u00e7as sofrem resist\u00eancia por parte dos estudantes que, sens\u00edveis \u00e0 queda na qualidade do ensino sem qualquer desconto nas mensalidades, promoveram diversas manifesta\u00e7\u00f5es p\u00fablicas em rep\u00fadio \u00e0 nova matriz curricular, e tamb\u00e9m por parte do Sindicato dos Professores de Ensino Superior de Curitiba e Regi\u00e3o Metropolitana (Sinpes) que representa a categoria.<\/p>\n<p>Depois de audi\u00eancias de concilia\u00e7\u00e3o no Minist\u00e9rio P\u00fablico do Trabalho do Paran\u00e1, o Sinpes conseguiu que os representantes do \u00c2nima se comprometessem a criar um novo edital de contrata\u00e7\u00e3o de professores com a participa\u00e7\u00e3o do sindicato representando os interesses docentes. J\u00e1 as mudan\u00e7as curriculares foram barradas por liminar de magistrado da 18 \u00aa Vara C\u00edvel de Curitiba atendendo ao pedido dos acad\u00eamicos do Unicuritiba representados pelo Centro Acad\u00eamico de Rela\u00e7\u00f5es Internacionais Primeiro de Janeiro (dos estudantes de Rela\u00e7\u00f5es Internacionais), pelo Diret\u00f3rio Acad\u00eamico Clot\u00e1rio Portugal (dos estudantes de Direito) e pelo Diret\u00f3rio Central dos Estudantes. Mesmo sem conseguir ainda implementar as mudan\u00e7as, o Unicuritiba demitiu mais de 10 professores no final do primeiro semestre letivo.<\/p>\n<p>J\u00e1 a Universidade Positivo, comprada pela Cruzeiro do Sul Educacional tamb\u00e9m em dezembro de 2019, passa por um processo ainda mais acentuado e agressivo de mercantiliza\u00e7\u00e3o do ensino.<\/p>\n<p>No dia 16\/07 mais de cem professores foram demitidos pela institui\u00e7\u00e3o. Os dados foram compilados pelo Sinpes por meio da colabora\u00e7\u00e3o de docentes demitidos e tamb\u00e9m de estudantes. A comunidade acad\u00eamica e a sociedade curitibana ficaram at\u00f4nitas com as despedidas em massa no que se configurou como o dia mais triste da hist\u00f3ria de uma das maiores universidades privadas do estado do Paran\u00e1.<\/p>\n<p>As demiss\u00f5es foram, em parte, resultado da extin\u00e7\u00e3o de diversos cursos de licenciatura na modalidade presencial. A Cruzeiro do Sul Educacional, valendo-se de portaria do Minist\u00e9rio da Educa\u00e7\u00e3o de dezembro de 2018 que autoriza que at\u00e9 40% do conte\u00fado dos cursos presenciais sejam ministrados na modalidade EAD, tem investido em aulas \u00e0 dist\u00e2ncia cujo conte\u00fado, segundo relato de professores ao Sinpes, vir\u00e3o prontos do estado de S\u00e3o Paulo.<\/p>\n<p>Os alunos da Positivo e o sindicato dos professores tamb\u00e9m reagiram de forma contundente \u00e0s investidas da Cruzeiro do Sul. Estudantes promovem manifesta\u00e7\u00f5es p\u00fablicas e sindicato recorre ao Minist\u00e9rio P\u00fablico do Trabalho na tentativa de reverter as demiss\u00f5es.<\/p>\n<p>A ABJD destaca que a busca pelo lucro financeiro nas institui\u00e7\u00f5es privadas n\u00e3o pode se refletir na diminui\u00e7\u00e3o da qualidade de ensino e ofensivas contra os direitos dos professores.<\/p>\n<p>Os principais objetivos da educa\u00e7\u00e3o superior no Brasil devem estar voltados \u00e0 forma\u00e7\u00e3o profissional, em estimular a cria\u00e7\u00e3o cultural e o desenvolvimento do esp\u00edrito cient\u00edfico, tecnol\u00f3gico e do pensamento reflexivo, al\u00e9m de formar diferentes \u00e1reas de conhecimento, assim como, incentivar o trabalho de pesquisa e investiga\u00e7\u00e3o cient\u00edfica, visando desenvolver o entendimento do ser humano e do meio em que vive. No entanto, tais objetivos s\u00f3 ser\u00e3o alcan\u00e7ados quando a qualidade de ensino e a valoriza\u00e7\u00e3o dos profissionais de educa\u00e7\u00e3o andarem de m\u00e3os dadas.<\/p>\n<p>A ABJD acredita que a forma\u00e7\u00e3o superior deve ser compromissada com a forma\u00e7\u00e3o de profissionais \u00e9ticos, cr\u00edticos, anal\u00edticos e comprometidos com a defesa da Constitui\u00e7\u00e3o e do Estado Democr\u00e1tico de Direito. Para isso, a Associa\u00e7\u00e3o destaca sua defesa de uma educa\u00e7\u00e3o de qualidade como um dos pilares do desenvolvimento preconizado pela Constitui\u00e7\u00e3o Federal. Por\u00e9m, ao tratar o ensino como mera mercadoria, os grupos empresariais desde logo anunciam \u00e0 sociedade paranaense seu descompromisso e desrespeito com o desenvolvimento do Paran\u00e1, merecendo rep\u00fadio das institui\u00e7\u00f5es e lideran\u00e7as locais e regionais do nosso estado.<\/p>\n<p>&nbsp;<\/p>\n<p><strong>ASSOCIA\u00c7\u00c3O BRASILEIRA DE JURISTAS PELA DECMOCRACIA \u2013 ABJD<\/strong><\/p>\n<p><strong>N\u00daCLEO PARAN\u00c1<\/strong><\/p>\n<!-- AddThis Advanced Settings generic via filter on the_content --><!-- AddThis Share Buttons generic via filter on the_content -->","protected":false},"excerpt":{"rendered":"<p>Nota oficial da ABJD- N\u00facleo Paran\u00e1 A Associa\u00e7\u00e3o Brasileira de Juristas pela Democracia, N\u00facleo Paran\u00e1 (ABJD-PR), vem a p\u00fablico manifestar solidariedade a professores e estudantes de diversas faculdades de Curitiba que realizam numerosas dispensas no \u00faltimo per\u00edodo, entre elas, mais notadamente, a Universidade Positivo e o Centro Universit\u00e1rio Unicuritiba. As duas institui\u00e7\u00f5es foram compradas por [&hellip;]<!-- AddThis Advanced Settings generic via filter on wp_trim_excerpt --><!-- AddThis Share Buttons generic via filter on wp_trim_excerpt --><\/p>\n","protected":false},"author":3,"featured_media":0,"comment_status":"closed","ping_status":"open","sticky":false,"template":"","format":"standard","meta":{"footnotes":""},"categories":[7,478,18,13],"tags":[554,366,555,379,369,469,198],"class_list":["post-3250","post","type-post","status-publish","format-standard","hentry","category-arquivo-de-noticias","category-coronavirus-e-direitos-dos-professores","category-destaque","category-home","tag-abjd","tag-demissoes","tag-direito-dos-professores","tag-nota-de-repudio","tag-unicuritiba","tag-uninter","tag-universidade-positivo"],"_links":{"self":[{"href":"https:\/\/sinpes.org.br\/site\/wp-json\/wp\/v2\/posts\/3250","targetHints":{"allow":["GET"]}}],"collection":[{"href":"https:\/\/sinpes.org.br\/site\/wp-json\/wp\/v2\/posts"}],"about":[{"href":"https:\/\/sinpes.org.br\/site\/wp-json\/wp\/v2\/types\/post"}],"author":[{"embeddable":true,"href":"https:\/\/sinpes.org.br\/site\/wp-json\/wp\/v2\/users\/3"}],"replies":[{"embeddable":true,"href":"https:\/\/sinpes.org.br\/site\/wp-json\/wp\/v2\/comments?post=3250"}],"version-history":[{"count":1,"href":"https:\/\/sinpes.org.br\/site\/wp-json\/wp\/v2\/posts\/3250\/revisions"}],"predecessor-version":[{"id":3251,"href":"https:\/\/sinpes.org.br\/site\/wp-json\/wp\/v2\/posts\/3250\/revisions\/3251"}],"wp:attachment":[{"href":"https:\/\/sinpes.org.br\/site\/wp-json\/wp\/v2\/media?parent=3250"}],"wp:term":[{"taxonomy":"category","embeddable":true,"href":"https:\/\/sinpes.org.br\/site\/wp-json\/wp\/v2\/categories?post=3250"},{"taxonomy":"post_tag","embeddable":true,"href":"https:\/\/sinpes.org.br\/site\/wp-json\/wp\/v2\/tags?post=3250"}],"curies":[{"name":"wp","href":"https:\/\/api.w.org\/{rel}","templated":true}]}}