{"id":3245,"date":"2020-07-20T14:03:49","date_gmt":"2020-07-20T17:03:49","guid":{"rendered":"https:\/\/sinpes.org.br\/site\/?p=3245"},"modified":"2020-07-21T09:22:52","modified_gmt":"2020-07-21T12:22:52","slug":"sinpes-se-reunira-com-a-universidade-positivo-no-ministerio-publico-do-trabalho","status":"publish","type":"post","link":"https:\/\/sinpes.org.br\/site\/sinpes-se-reunira-com-a-universidade-positivo-no-ministerio-publico-do-trabalho\/","title":{"rendered":"Reuni\u00e3o entre Sinpes e Positivo no Minist\u00e9rio P\u00fablico do Trabalho foi reagenda para esta quinta-feira (23\/07)"},"content":{"rendered":"<p>Diante do quadro nefasto imposto pela Cruzeiro do Sul aos professores e professoras da Universidade Positivo (estima-se que mais de cem docentes foram demitidos somente na \u00faltima quinta feria 16\/07), o Sindicato dos Professores de Ensino Superior de Curitiba e Regi\u00e3o Metropolitana (Sinpes) solicitou uma audi\u00eancia com representantes da Cruzeiro do Sul no Minist\u00e9rio\u00a0<span class=\"text_exposed_show\">P\u00fablico do Trabalho (MPT).<\/span><\/p>\n<div class=\"text_exposed_show\">\n<p>A audi\u00eancia, a ser realizada por videoconfer\u00eancia, aconteceria nesta ter\u00e7a-feira (21) \u00e0s 15h. Entretanto, a pedido dos representantes da Cruzeiro do Sul foi reagendada para esta quinta feira (23\/07).<\/p>\n<\/div>\n<p>Nela, o Sinpes pretende obter informa\u00e7\u00f5es objetivas da empregadora a fim de que seja poss\u00edvel caracterizar ou n\u00e3o modalidade coletiva de despedida. Em caso de confirma\u00e7\u00e3o dessa modalidade de despedida a ideia \u00e9 obter a revers\u00e3o das despedidas que aconteceram na \u00faltima semana, ou ao menos negociar uma indeniza\u00e7\u00e3o substitutiva para estes docentes. Para isso o Sinpes tem como estrat\u00e9gia a mobiliza\u00e7\u00e3o de professores e estudantes.<\/p>\n<p>Embora a contrarreforma trabalhista tenha equiparado as despedidas coletivas a outras modalidades de despedidas, eximindo o empregador do pagamento de indeniza\u00e7\u00e3o adicional em face do gravame social desta conduta do empregador, importante corrente jurisprudencial entende que subsiste o direito \u00e0 indeniza\u00e7\u00e3o com base em preceitos constitucionais.<\/p>\n<p>Em caso de se confirmar a despedida em massa sem a revers\u00e3o das demiss\u00f5es nem consenso sobre indeniza\u00e7\u00e3o substitutiva a ser submetida \u00e0 assembleia geral dos professores interessados, estes poder\u00e3o propor a\u00e7\u00f5es individuais com advogadas e advogados de sua confian\u00e7a pedindo o arbitramento judicial desta indeniza\u00e7\u00e3o.<\/p>\n<p>O Sinpes enfatiza que tanto em sua p\u00e1gina no Facebook quanto no seu perfil no Instagram existem v\u00eddeos orientando os cuidados que devem ser tomados pelos professores desligados pela UP e pelas institui\u00e7\u00f5es de ensino em geral.<\/p>\n<p>&nbsp;<\/p>\n<!-- AddThis Advanced Settings generic via filter on the_content --><!-- AddThis Share Buttons generic via filter on the_content -->","protected":false},"excerpt":{"rendered":"<p>Diante do quadro nefasto imposto pela Cruzeiro do Sul aos professores e professoras da Universidade Positivo (estima-se que mais de cem docentes foram demitidos somente na \u00faltima quinta feria 16\/07), o Sindicato dos Professores de Ensino Superior de Curitiba e Regi\u00e3o Metropolitana (Sinpes) solicitou uma audi\u00eancia com representantes da Cruzeiro do Sul no Minist\u00e9rio\u00a0P\u00fablico do [&hellip;]<!-- AddThis Advanced Settings generic via filter on wp_trim_excerpt --><!-- AddThis Share Buttons generic via filter on wp_trim_excerpt --><\/p>\n","protected":false},"author":3,"featured_media":0,"comment_status":"closed","ping_status":"open","sticky":false,"template":"","format":"standard","meta":{"footnotes":""},"categories":[7,478,18,13,175],"tags":[552,553,540,548,281,519,551,198],"class_list":["post-3245","post","type-post","status-publish","format-standard","hentry","category-arquivo-de-noticias","category-coronavirus-e-direitos-dos-professores","category-destaque","category-home","category-positivo","tag-alunos-positivo","tag-audiencia-de-mediacao","tag-cruzeiro-do-sul","tag-demissoes-positivo","tag-direitos-dos-professores","tag-mpt","tag-professores-positivo","tag-universidade-positivo"],"_links":{"self":[{"href":"https:\/\/sinpes.org.br\/site\/wp-json\/wp\/v2\/posts\/3245","targetHints":{"allow":["GET"]}}],"collection":[{"href":"https:\/\/sinpes.org.br\/site\/wp-json\/wp\/v2\/posts"}],"about":[{"href":"https:\/\/sinpes.org.br\/site\/wp-json\/wp\/v2\/types\/post"}],"author":[{"embeddable":true,"href":"https:\/\/sinpes.org.br\/site\/wp-json\/wp\/v2\/users\/3"}],"replies":[{"embeddable":true,"href":"https:\/\/sinpes.org.br\/site\/wp-json\/wp\/v2\/comments?post=3245"}],"version-history":[{"count":2,"href":"https:\/\/sinpes.org.br\/site\/wp-json\/wp\/v2\/posts\/3245\/revisions"}],"predecessor-version":[{"id":3247,"href":"https:\/\/sinpes.org.br\/site\/wp-json\/wp\/v2\/posts\/3245\/revisions\/3247"}],"wp:attachment":[{"href":"https:\/\/sinpes.org.br\/site\/wp-json\/wp\/v2\/media?parent=3245"}],"wp:term":[{"taxonomy":"category","embeddable":true,"href":"https:\/\/sinpes.org.br\/site\/wp-json\/wp\/v2\/categories?post=3245"},{"taxonomy":"post_tag","embeddable":true,"href":"https:\/\/sinpes.org.br\/site\/wp-json\/wp\/v2\/tags?post=3245"}],"curies":[{"name":"wp","href":"https:\/\/api.w.org\/{rel}","templated":true}]}}