{"id":3240,"date":"2020-07-16T12:38:18","date_gmt":"2020-07-16T15:38:18","guid":{"rendered":"https:\/\/sinpes.org.br\/site\/?p=3240"},"modified":"2021-12-23T09:58:50","modified_gmt":"2021-12-23T12:58:50","slug":"universidade-positivo-demite-dezenas-de-professores-e-fecha-cursos-presenciais","status":"publish","type":"post","link":"https:\/\/sinpes.org.br\/site\/universidade-positivo-demite-dezenas-de-professores-e-fecha-cursos-presenciais\/","title":{"rendered":"Universidade Positivo demite dezenas de professores e fecha cursos presenciais &#8211; Julho de 2020"},"content":{"rendered":"<div class=\"\" data-block=\"true\" data-editor=\"b53fk\" data-offset-key=\"6pf1j-0-0\">\n<div data-offset-key=\"6pf1j-0-0\"><em><strong>Mat\u00e9ria publicada em 16\/07\/2020\u00a0<\/strong><\/em><\/div>\n<\/div>\n<div data-offset-key=\"6pf1j-0-0\"><\/div>\n<div data-offset-key=\"6pf1j-0-0\"><\/div>\n<div data-offset-key=\"6pf1j-0-0\"><\/div>\n<div class=\"\" data-block=\"true\" data-editor=\"b53fk\" data-offset-key=\"6pf1j-0-0\">\n<div data-offset-key=\"6pf1j-0-0\"><\/div>\n<div data-offset-key=\"6pf1j-0-0\"><\/div>\n<div class=\"_1mf _1mj\" data-offset-key=\"6pf1j-0-0\"><span data-offset-key=\"6pf1j-0-0\">Na manh\u00e3 desta quinta-feira (16) a Universidade Positivo promove, por meio de reuni\u00f5es que acontecem de 10 em 10 minutos, a demiss\u00f5es de dezenas de professores, at\u00e9 o final desta manh\u00e3 o Sindicato dos Professores de Ensino Superior de Curitiba e Regi\u00e3o Metropolitana (Sinpes) recebeu a informa\u00e7\u00e3o de que cerca de 50 docentes tinham sido despedidos. A UP esperou a data limite para os docentes entregarem as notas dos alunos, cujo prazo foi a noite desta quarta-feira (15), para divulgar a lista de demitidos. Informa\u00e7\u00f5es repassadas ao Sinpes destacam que j\u00e1 haveria uma lista com muitos nomes a serem desligados. Hoje, a informa\u00e7\u00e3o se confirmou e dezenas trabalhadores passam agora a engrossar as estat\u00edsticas de desemprego no Brasil. <\/span><\/div>\n<\/div>\n<div class=\"\" data-block=\"true\" data-editor=\"b53fk\" data-offset-key=\"3h8st-0-0\">\n<div class=\"_1mf _1mj\" data-offset-key=\"3h8st-0-0\"><span data-offset-key=\"3h8st-0-0\">\u00a0<\/span><\/div>\n<\/div>\n<div class=\"\" data-block=\"true\" data-editor=\"b53fk\" data-offset-key=\"cfm57-0-0\">\n<div class=\"_1mf _1mj\" data-offset-key=\"cfm57-0-0\"><span data-offset-key=\"cfm57-0-0\">As demiss\u00f5es se deram em diversos cursos, tanto nos presenciais quando nos EAD. Informa\u00e7\u00f5es repassadas ao Sinpes d\u00e3o conta de que na gradua\u00e7\u00e3o de Biologia 07 professores foram desligados, em Medicina tamb\u00e9m 07, 04 em Psicologia, 03 em Engenharia, 02 em Direito, 02 em Publicidade e Propaganda, 01 em Design e todos os professores do curso de Educa\u00e7\u00e3o F\u00edsica. As despedidas, no entanto, devem continuar acontecendo ao longo do dia conforme destacam docentes e alunos. <\/span><\/div>\n<\/div>\n<div class=\"\" data-block=\"true\" data-editor=\"b53fk\" data-offset-key=\"4knj4-0-0\">\n<div class=\"_1mf _1mj\" data-offset-key=\"4knj4-0-0\"><span data-offset-key=\"4knj4-0-0\">\u00a0<\/span><\/div>\n<\/div>\n<div class=\"\" data-block=\"true\" data-editor=\"b53fk\" data-offset-key=\"75egp-0-0\">\n<div class=\"_1mf _1mj\" data-offset-key=\"75egp-0-0\"><span data-offset-key=\"75egp-0-0\">A maioria das demiss\u00f5es \u00e9 resultado da extin\u00e7\u00e3o de cursos de licenciatura na modalidade presencial. A Universidade Positivo n\u00e3o oferecer\u00e1 mais, segundo informa\u00e7\u00f5es repassadas por professores ao sindicato, aulas presenciais nas gradua\u00e7\u00f5es de Ci\u00eancias Biol\u00f3gicas, Educa\u00e7\u00e3o F\u00edsica, Pedagogia, Qu\u00edmica, Matem\u00e1tica e F\u00edsica. <\/span><\/div>\n<\/div>\n<div class=\"\" data-block=\"true\" data-editor=\"b53fk\" data-offset-key=\"ado6b-0-0\">\n<div class=\"_1mf _1mj\" data-offset-key=\"ado6b-0-0\"><span data-offset-key=\"ado6b-0-0\">Os desligamentos afetaram gravemente a comunidade acad\u00eamica gerando um misto de p\u00e2nico e decep\u00e7\u00e3o entre alunos e professores. O Centro Acad\u00eamico de Ci\u00eancias Biol\u00f3gicas (CacBio) destaca que hoje \u00e9 um dia de grande tristeza para aqueles que s\u00e3o ligados \u00e0 Universidade Positivo. \u201cA UP tem demitido, desde as 8h30 da manh\u00e3, diversos professores sem nenhuma explica\u00e7\u00e3o. No meio da pandemia estamos sem informa\u00e7\u00f5es, no escuro, nosso curso deve ser cancelado. \u00c9 um dia muito triste e nos sentimos extremamente abalados. H\u00e1 alunos com mais de 80% do curso de Biologia j\u00e1 conclu\u00eddo, existem estudantes fazendo trabalho de conclus\u00e3o de curso. E agora?\u201d, questiona o CacBio. Somente na licenciatura de Biologia cerca de sete professores formam demitidos. <\/span><\/div>\n<\/div>\n<div class=\"\" data-block=\"true\" data-editor=\"b53fk\" data-offset-key=\"6394j-0-0\">\n<div class=\"_1mf _1mj\" data-offset-key=\"6394j-0-0\"><span data-offset-key=\"6394j-0-0\">\u00a0<\/span><\/div>\n<\/div>\n<div class=\"\" data-block=\"true\" data-editor=\"b53fk\" data-offset-key=\"7e8uh-0-0\">\n<div class=\"_1mf _1mj\" data-offset-key=\"7e8uh-0-0\"><span data-offset-key=\"7e8uh-0-0\">Comprada pela Cruzeiro do Sul Educacional em dezembro de 2019, quando \u00e0 \u00e9poca tinha cerca de 1,600 empregados e 33 mil alunos, a Universidade Positivo projeta hoje a sombra da mercantiliza\u00e7\u00e3o do ensino promovida por grandes conglomerados educacionais. As mudan\u00e7as, aos poucos implementadas na universidade pelo grupo, que hoje \u00e9 o quinto maior da educa\u00e7\u00e3o privada no pa\u00eds, t\u00eam se refletido em constantes demiss\u00f5es, em redu\u00e7\u00e3o de carga hor\u00e1ria de professores e no fortalecimento da modalidade Ensino a Dist\u00e2ncia. <\/span><\/div>\n<\/div>\n<div class=\"\" data-block=\"true\" data-editor=\"b53fk\" data-offset-key=\"fadpa-0-0\">\n<div class=\"_1mf _1mj\" data-offset-key=\"fadpa-0-0\"><span data-offset-key=\"fadpa-0-0\">\u00a0<\/span><\/div>\n<\/div>\n<div class=\"\" data-block=\"true\" data-editor=\"b53fk\" data-offset-key=\"dp73b-0-0\">\n<div class=\"_1mf _1mj\" data-offset-key=\"dp73b-0-0\"><span data-offset-key=\"dp73b-0-0\">No in\u00edcio de julho, diversos coordenadores de cursos foram demitidos depois de passarem por uma reuni\u00e3o de cerca de 5 minutos na qual foram informados de seu desligamento. Uma das despedidas foi a Coordenadora do Curso de Biologia da Universidade Positivo, a professora Ana Meyer. <\/span><\/div>\n<\/div>\n<div class=\"\" data-block=\"true\" data-editor=\"b53fk\" data-offset-key=\"32kof-0-0\">\n<div class=\"_1mf _1mj\" data-offset-key=\"32kof-0-0\"><span data-offset-key=\"32kof-0-0\">A grande quantidade de demiss\u00f5es na UP \u00e9 reflexo da mercantiliza\u00e7\u00e3o do Ensino a Dist\u00e2ncia que \u00e9 hoje a menina dos olhos dos \u201cbar\u00f5es da educa\u00e7\u00e3o\u201d. Cursos de gradua\u00e7\u00e3o presenciais podem ofertar at\u00e9 40% das aulas a dist\u00e2ncia, o limite anterior era de 20%. \u00c9 isso que determinada uma portaria publicada pelo MEC no final de 2018. Grande grupo educacionais como a Cruzeiro do Sul tem se valido dessa portaria e imposto mudan\u00e7as na matriz curricular dos cursos na tentativa de reduzir custos e aumentar lucros. A UP pretende implementar, at\u00e9 2021, uma nova matriz curricular que fortalece o EAD. Com ela, a institui\u00e7\u00e3o n\u00e3o ofertar\u00e1 mais cursos totalmente presenciais, ou seja, quase metade das aulas ser\u00e3o \u00e0 dist\u00e2ncia. Com isso professores perdem emprego, j\u00e1 que a demanda por m\u00e3o de obra docente diminui.\u00a0<\/span><\/div>\n<\/div>\n<div class=\"\" data-block=\"true\" data-editor=\"b53fk\" data-offset-key=\"pusf-0-0\">\n<div class=\"_1mf _1mj\" data-offset-key=\"pusf-0-0\"><span data-offset-key=\"pusf-0-0\">\u00a0<\/span><\/div>\n<\/div>\n<div class=\"\" data-block=\"true\" data-editor=\"b53fk\" data-offset-key=\"2jakf-0-0\">\n<div class=\"_1mf _1mj\" data-offset-key=\"2jakf-0-0\"><span data-offset-key=\"2jakf-0-0\">No horizonte de medidas que podem ser adotadas pelo SINPES est\u00e1 a possibilidade de a\u00e7\u00f5es coletivas para caracterizar a demiss\u00e3o em massa, ampliando as den\u00fancias j\u00e1 encaminhadas ao Minist\u00e9rio P\u00fablico do Trabalho com pedido de media\u00e7\u00e3o. Al\u00e9m de prosseguir mobilizando professores e alunos, principais prejudicados com as medidas adotadas, no sentido de reverter esse panorama.<\/span><\/div>\n<\/div>\n<div class=\"\" data-block=\"true\" data-editor=\"b53fk\" data-offset-key=\"1mi8o-0-0\">\n<div class=\"_1mf _1mj\" data-offset-key=\"1mi8o-0-0\"><span data-offset-key=\"1mi8o-0-0\">A reforma nas leis trabalhistas fez com que a precariza\u00e7\u00e3o das rela\u00e7\u00f5es de trabalho se tornasse mais aguda e o sucateamento das condi\u00e7\u00f5es de trabalho, redu\u00e7\u00e3o de horas-aula e altera\u00e7\u00f5es curriculares sem consulta aos alunos e corpo docente s\u00e3o apenas alguns dos mecanismos utilizados na dire\u00e7\u00e3o de um profundo rebaixamento na qualidade das Institui\u00e7\u00f5es de Ensino.<\/span><\/div>\n<\/div>\n<div class=\"\" data-block=\"true\" data-editor=\"b53fk\" data-offset-key=\"9tl3h-0-0\">\n<div class=\"_1mf _1mj\" data-offset-key=\"9tl3h-0-0\"><span data-offset-key=\"9tl3h-0-0\">\u00a0<\/span><\/div>\n<\/div>\n<div class=\"\" data-block=\"true\" data-editor=\"b53fk\" data-offset-key=\"ckhuf-0-0\">\n<div class=\"_1mf _1mj\" data-offset-key=\"ckhuf-0-0\"><span data-offset-key=\"ckhuf-0-0\">As despedidas em plena pandemia demonstram o elevado grau de cinismo e a desumanidade que campeia as c\u00fapulas dos empres\u00e1rios da educa\u00e7\u00e3o que se aliaram com operadores do mercado financeiro.<\/span><\/div>\n<\/div>\n<div class=\"\" data-block=\"true\" data-editor=\"b53fk\" data-offset-key=\"25d13-0-0\">\n<div class=\"_1mf _1mj\" data-offset-key=\"25d13-0-0\"><span data-offset-key=\"25d13-0-0\">A luta pela educa\u00e7\u00e3o de qualidade est\u00e1 apenas come\u00e7ando.<\/span><\/div>\n<\/div>\n<div class=\"\" data-block=\"true\" data-editor=\"b53fk\" data-offset-key=\"chqfk-0-0\">\n<div class=\"_1mf _1mj\" data-offset-key=\"chqfk-0-0\"><span data-offset-key=\"chqfk-0-0\">O SINPES se solidariza com os docentes e lhes garante que utilizar\u00e1 de todos os mecanismos legais e sindicais para garantir os seus direitos de forma coletiva.<\/span><\/div>\n<\/div>\n<!-- AddThis Advanced Settings generic via filter on the_content --><!-- AddThis Share Buttons generic via filter on the_content -->","protected":false},"excerpt":{"rendered":"<p>Mat\u00e9ria publicada em 16\/07\/2020\u00a0 Na manh\u00e3 desta quinta-feira (16) a Universidade Positivo promove, por meio de reuni\u00f5es que acontecem de 10 em 10 minutos, a demiss\u00f5es de dezenas de professores, at\u00e9 o final desta manh\u00e3 o Sindicato dos Professores de Ensino Superior de Curitiba e Regi\u00e3o Metropolitana (Sinpes) recebeu a informa\u00e7\u00e3o de que cerca de [&hellip;]<!-- AddThis Advanced Settings generic via filter on wp_trim_excerpt --><!-- AddThis Share Buttons generic via filter on wp_trim_excerpt --><\/p>\n","protected":false},"author":3,"featured_media":0,"comment_status":"closed","ping_status":"open","sticky":false,"template":"","format":"standard","meta":{"footnotes":""},"categories":[7,478,18,13,175],"tags":[540,366,548,128],"class_list":["post-3240","post","type-post","status-publish","format-standard","hentry","category-arquivo-de-noticias","category-coronavirus-e-direitos-dos-professores","category-destaque","category-home","category-positivo","tag-cruzeiro-do-sul","tag-demissoes","tag-demissoes-positivo","tag-positivo"],"_links":{"self":[{"href":"https:\/\/sinpes.org.br\/site\/wp-json\/wp\/v2\/posts\/3240","targetHints":{"allow":["GET"]}}],"collection":[{"href":"https:\/\/sinpes.org.br\/site\/wp-json\/wp\/v2\/posts"}],"about":[{"href":"https:\/\/sinpes.org.br\/site\/wp-json\/wp\/v2\/types\/post"}],"author":[{"embeddable":true,"href":"https:\/\/sinpes.org.br\/site\/wp-json\/wp\/v2\/users\/3"}],"replies":[{"embeddable":true,"href":"https:\/\/sinpes.org.br\/site\/wp-json\/wp\/v2\/comments?post=3240"}],"version-history":[{"count":6,"href":"https:\/\/sinpes.org.br\/site\/wp-json\/wp\/v2\/posts\/3240\/revisions"}],"predecessor-version":[{"id":3830,"href":"https:\/\/sinpes.org.br\/site\/wp-json\/wp\/v2\/posts\/3240\/revisions\/3830"}],"wp:attachment":[{"href":"https:\/\/sinpes.org.br\/site\/wp-json\/wp\/v2\/media?parent=3240"}],"wp:term":[{"taxonomy":"category","embeddable":true,"href":"https:\/\/sinpes.org.br\/site\/wp-json\/wp\/v2\/categories?post=3240"},{"taxonomy":"post_tag","embeddable":true,"href":"https:\/\/sinpes.org.br\/site\/wp-json\/wp\/v2\/tags?post=3240"}],"curies":[{"name":"wp","href":"https:\/\/api.w.org\/{rel}","templated":true}]}}