{"id":3225,"date":"2020-07-10T13:56:20","date_gmt":"2020-07-10T16:56:20","guid":{"rendered":"https:\/\/sinpes.org.br\/site\/?p=3225"},"modified":"2020-07-10T13:56:20","modified_gmt":"2020-07-10T16:56:20","slug":"link-de-acesso-para-a-assembleia-geral-virtual","status":"publish","type":"post","link":"https:\/\/sinpes.org.br\/site\/link-de-acesso-para-a-assembleia-geral-virtual\/","title":{"rendered":"Link de acesso para a Assembleia Geral Virtual"},"content":{"rendered":"<div class=\"\" data-block=\"true\" data-editor=\"c6tqr\" data-offset-key=\"9jdi1-0-0\">\n<div class=\"_1mf _1mj\" data-offset-key=\"9jdi1-0-0\"><span data-offset-key=\"9jdi1-0-0\">Segue abaixo o link para participa\u00e7\u00e3o na Assembleia Geral de hoje (10\/07) com primeira chamada \u00e0s 16h30 e a segunda \u00e0s 17h. <\/span><\/div>\n<\/div>\n<div class=\"\" data-block=\"true\" data-editor=\"c6tqr\" data-offset-key=\"92u3-0-0\">\n<div class=\"_1mf _1mj\" data-offset-key=\"92u3-0-0\"><span data-offset-key=\"92u3-0-0\">\u00a0<\/span><\/div>\n<\/div>\n<div class=\"\" data-block=\"true\" data-editor=\"c6tqr\" data-offset-key=\"ck66c-0-0\">\n<div class=\"_1mf _1mj\" data-offset-key=\"ck66c-0-0\"><span data-offset-key=\"ck66c-0-0\">SINPES Sindicato Profes. do Ensino Sup. Privado Curitiba e Reg Metrop est\u00e1 convidando voc\u00ea para uma reuni\u00e3o Zoom agendada.<\/span><\/div>\n<\/div>\n<div class=\"\" data-block=\"true\" data-editor=\"c6tqr\" data-offset-key=\"bi0tr-0-0\">\n<div class=\"_1mf _1mj\" data-offset-key=\"bi0tr-0-0\"><span data-offset-key=\"bi0tr-0-0\">\u00a0<\/span><\/div>\n<\/div>\n<div class=\"\" data-block=\"true\" data-editor=\"c6tqr\" data-offset-key=\"b27ho-0-0\">\n<div class=\"_1mf _1mj\" data-offset-key=\"b27ho-0-0\"><span data-offset-key=\"b27ho-0-0\">T\u00f3pico: Assembl\u00e9ia das(os) Professoras(es) de IES\u00b4s Privadas de Curitiba e Reg. Metropolitana<\/span><\/div>\n<\/div>\n<div class=\"\" data-block=\"true\" data-editor=\"c6tqr\" data-offset-key=\"764gi-0-0\">\n<div class=\"_1mf _1mj\" data-offset-key=\"764gi-0-0\"><span data-offset-key=\"764gi-0-0\">Hora: 10 jul 2020 16:30 Curitiba-PR<\/span><\/div>\n<\/div>\n<div class=\"\" data-block=\"true\" data-editor=\"c6tqr\" data-offset-key=\"365h9-0-0\">\n<div class=\"_1mf _1mj\" data-offset-key=\"365h9-0-0\"><span data-offset-key=\"365h9-0-0\">\u00a0<\/span><\/div>\n<\/div>\n<div class=\"\" data-block=\"true\" data-editor=\"c6tqr\" data-offset-key=\"92kpf-0-0\">\n<div class=\"_1mf _1mj\" data-offset-key=\"92kpf-0-0\"><span data-offset-key=\"92kpf-0-0\">Entrar na reuni\u00e3o Zoom<\/span><\/div>\n<\/div>\n<div class=\"\" data-block=\"true\" data-editor=\"c6tqr\" data-offset-key=\"f210j-0-0\">\n<div class=\"_1mf _1mj\" data-offset-key=\"f210j-0-0\"><span data-offset-key=\"f210j-0-0\">https:\/\/zoom.us\/j\/93752695371?pwd=UEQxWFRaamllSTlQMnIxMmQzZnhwZz09<\/span><\/div>\n<\/div>\n<div class=\"\" data-block=\"true\" data-editor=\"c6tqr\" data-offset-key=\"955ra-0-0\">\n<div class=\"_1mf _1mj\" data-offset-key=\"955ra-0-0\"><span data-offset-key=\"955ra-0-0\">\u00a0<\/span><\/div>\n<\/div>\n<div class=\"\" data-block=\"true\" data-editor=\"c6tqr\" data-offset-key=\"3c4hc-0-0\">\n<div class=\"_1mf _1mj\" data-offset-key=\"3c4hc-0-0\"><span data-offset-key=\"3c4hc-0-0\">ID da reuni\u00e3o: 937 5269 5371<\/span><\/div>\n<\/div>\n<div class=\"\" data-block=\"true\" data-editor=\"c6tqr\" data-offset-key=\"c5c6q-0-0\">\n<div class=\"_1mf _1mj\" data-offset-key=\"c5c6q-0-0\"><span data-offset-key=\"c5c6q-0-0\">Senha: 490740<\/span><\/div>\n<\/div>\n<div class=\"\" data-block=\"true\" data-editor=\"c6tqr\" data-offset-key=\"dpebs-0-0\"><\/div>\n<!-- AddThis Advanced Settings generic via filter on the_content --><!-- AddThis Share Buttons generic via filter on the_content -->","protected":false},"excerpt":{"rendered":"<p>Segue abaixo o link para participa\u00e7\u00e3o na Assembleia Geral de hoje (10\/07) com primeira chamada \u00e0s 16h30 e a segunda \u00e0s 17h. \u00a0 SINPES Sindicato Profes. do Ensino Sup. Privado Curitiba e Reg Metrop est\u00e1 convidando voc\u00ea para uma reuni\u00e3o Zoom agendada. \u00a0 T\u00f3pico: Assembl\u00e9ia das(os) Professoras(es) de IES\u00b4s Privadas de Curitiba e Reg. Metropolitana [&hellip;]<!-- AddThis Advanced Settings generic via filter on wp_trim_excerpt --><!-- AddThis Share Buttons generic via filter on wp_trim_excerpt --><\/p>\n","protected":false},"author":3,"featured_media":0,"comment_status":"closed","ping_status":"open","sticky":false,"template":"","format":"standard","meta":{"footnotes":""},"categories":[7,18,13],"tags":[305,60,366,281,83,535,518],"class_list":["post-3225","post","type-post","status-publish","format-standard","hentry","category-arquivo-de-noticias","category-destaque","category-home","tag-assembleia","tag-assembleia-geral","tag-demissoes","tag-direitos-dos-professores","tag-greve","tag-indicativo-de-greve","tag-reducao-de-carga-horaria"],"_links":{"self":[{"href":"https:\/\/sinpes.org.br\/site\/wp-json\/wp\/v2\/posts\/3225","targetHints":{"allow":["GET"]}}],"collection":[{"href":"https:\/\/sinpes.org.br\/site\/wp-json\/wp\/v2\/posts"}],"about":[{"href":"https:\/\/sinpes.org.br\/site\/wp-json\/wp\/v2\/types\/post"}],"author":[{"embeddable":true,"href":"https:\/\/sinpes.org.br\/site\/wp-json\/wp\/v2\/users\/3"}],"replies":[{"embeddable":true,"href":"https:\/\/sinpes.org.br\/site\/wp-json\/wp\/v2\/comments?post=3225"}],"version-history":[{"count":1,"href":"https:\/\/sinpes.org.br\/site\/wp-json\/wp\/v2\/posts\/3225\/revisions"}],"predecessor-version":[{"id":3226,"href":"https:\/\/sinpes.org.br\/site\/wp-json\/wp\/v2\/posts\/3225\/revisions\/3226"}],"wp:attachment":[{"href":"https:\/\/sinpes.org.br\/site\/wp-json\/wp\/v2\/media?parent=3225"}],"wp:term":[{"taxonomy":"category","embeddable":true,"href":"https:\/\/sinpes.org.br\/site\/wp-json\/wp\/v2\/categories?post=3225"},{"taxonomy":"post_tag","embeddable":true,"href":"https:\/\/sinpes.org.br\/site\/wp-json\/wp\/v2\/tags?post=3225"}],"curies":[{"name":"wp","href":"https:\/\/api.w.org\/{rel}","templated":true}]}}