{"id":3223,"date":"2020-07-09T13:33:59","date_gmt":"2020-07-09T16:33:59","guid":{"rendered":"https:\/\/sinpes.org.br\/site\/?p=3223"},"modified":"2020-07-09T13:33:59","modified_gmt":"2020-07-09T16:33:59","slug":"sinpes-convoca-professoras-e-professores-para-assembleia-geral-virtual","status":"publish","type":"post","link":"https:\/\/sinpes.org.br\/site\/sinpes-convoca-professoras-e-professores-para-assembleia-geral-virtual\/","title":{"rendered":"Sinpes convoca professoras e professores para Assembleia Geral Virtual"},"content":{"rendered":"<p>O Sindicato dos Professores de Ensino Superior de Curitiba e Regi\u00e3o Metropolitana \u2013 SINPES convoca professoras e professores para Assembleia Geral Virtual a ser realizada no dia 10 de julho de 2020 \u00e0s 16h30 em primeira convoca\u00e7\u00e3o e \u00e0s 17h00 em segunda convoca\u00e7\u00e3o, a qual permanece por tempo indeterminado, quando ser\u00e1 discutida a seguinte ordem do dia:<\/p>\n<p>1 \u2013 Discuss\u00e3o sobre despedidas coletivas, redu\u00e7\u00e3o de carga hor\u00e1ria e problemas decorrentes do tele trabalho;<\/p>\n<p>2- Deflagra\u00e7\u00e3o de greve;<\/p>\n<p>3 \u2013 Assuntos Gerais;<\/p>\n<p>O link para participar da Assembleia estar\u00e1 dispon\u00edvel no Facebook do Sinpes e no nosso site (sinpes.org.br) a partir das 14h30 do dia 10\/07\/2020.<\/p>\n<!-- AddThis Advanced Settings generic via filter on the_content --><!-- AddThis Share Buttons generic via filter on the_content -->","protected":false},"excerpt":{"rendered":"<p>O Sindicato dos Professores de Ensino Superior de Curitiba e Regi\u00e3o Metropolitana \u2013 SINPES convoca professoras e professores para Assembleia Geral Virtual a ser realizada no dia 10 de julho de 2020 \u00e0s 16h30 em primeira convoca\u00e7\u00e3o e \u00e0s 17h00 em segunda convoca\u00e7\u00e3o, a qual permanece por tempo indeterminado, quando ser\u00e1 discutida a seguinte ordem [&hellip;]<!-- AddThis Advanced Settings generic via filter on wp_trim_excerpt --><!-- AddThis Share Buttons generic via filter on wp_trim_excerpt --><\/p>\n","protected":false},"author":3,"featured_media":0,"comment_status":"closed","ping_status":"open","sticky":false,"template":"","format":"standard","meta":{"footnotes":""},"categories":[7,478,18,13],"tags":[60,546,128,61,518,174,108,369,469],"class_list":["post-3223","post","type-post","status-publish","format-standard","hentry","category-arquivo-de-noticias","category-coronavirus-e-direitos-dos-professores","category-destaque","category-home","tag-assembleia-geral","tag-demissoes-de-professores","tag-positivo","tag-puc","tag-reducao-de-carga-horaria","tag-tuiuti","tag-unibrasil","tag-unicuritiba","tag-uninter"],"_links":{"self":[{"href":"https:\/\/sinpes.org.br\/site\/wp-json\/wp\/v2\/posts\/3223","targetHints":{"allow":["GET"]}}],"collection":[{"href":"https:\/\/sinpes.org.br\/site\/wp-json\/wp\/v2\/posts"}],"about":[{"href":"https:\/\/sinpes.org.br\/site\/wp-json\/wp\/v2\/types\/post"}],"author":[{"embeddable":true,"href":"https:\/\/sinpes.org.br\/site\/wp-json\/wp\/v2\/users\/3"}],"replies":[{"embeddable":true,"href":"https:\/\/sinpes.org.br\/site\/wp-json\/wp\/v2\/comments?post=3223"}],"version-history":[{"count":1,"href":"https:\/\/sinpes.org.br\/site\/wp-json\/wp\/v2\/posts\/3223\/revisions"}],"predecessor-version":[{"id":3224,"href":"https:\/\/sinpes.org.br\/site\/wp-json\/wp\/v2\/posts\/3223\/revisions\/3224"}],"wp:attachment":[{"href":"https:\/\/sinpes.org.br\/site\/wp-json\/wp\/v2\/media?parent=3223"}],"wp:term":[{"taxonomy":"category","embeddable":true,"href":"https:\/\/sinpes.org.br\/site\/wp-json\/wp\/v2\/categories?post=3223"},{"taxonomy":"post_tag","embeddable":true,"href":"https:\/\/sinpes.org.br\/site\/wp-json\/wp\/v2\/tags?post=3223"}],"curies":[{"name":"wp","href":"https:\/\/api.w.org\/{rel}","templated":true}]}}