{"id":322,"date":"2014-09-18T15:44:24","date_gmt":"2014-09-18T18:44:24","guid":{"rendered":"http:\/\/sinpes.org.br\/site\/?p=322"},"modified":"2015-10-29T16:11:26","modified_gmt":"2015-10-29T18:11:26","slug":"professores-da-fepar-estao-sem-receber-salario-de-agosto","status":"publish","type":"post","link":"https:\/\/sinpes.org.br\/site\/professores-da-fepar-estao-sem-receber-salario-de-agosto\/","title":{"rendered":"Professores da Fepar est\u00e3o sem receber sal\u00e1rio de agosto"},"content":{"rendered":"<p style=\"text-align: justify;\"><strong>EVANG\u00c9LICA: UM DESERTO NO MEIO DO O\u00c1SIS?<\/strong><\/p>\n<p style=\"text-align: justify;\">Cerca de 300 professores da <strong>Faculdade Evang\u00e9lica do Paran\u00e1<\/strong><strong> (<\/strong><strong>Fepar<\/strong><strong>) <\/strong>denunciam que est\u00e3o sem receber o pagamento referente ao m\u00eas de agosto. \u00c9 cr\u00f4nico o n\u00e3o recebimento pontual <!--more-->da remunera\u00e7\u00e3o. Mas a situa\u00e7\u00e3o tornou-se insuport\u00e1vel a partir dos sal\u00e1rios do m\u00eas de junho deste ano. O curioso \u00e9 que isto acontece justamente em um ano em que os propriet\u00e1rios das institui\u00e7\u00f5es de ensino superior t\u00eam muito a comemorar.<\/p>\n<p style=\"text-align: justify;\">Segundo noticiado pelo Jornal Gazeta do Povo em sua edi\u00e7\u00e3o virtual de 08 de setembro de 2014, a receita bruta nacional do setor, que era de R$ 28,2 bilh\u00f5es em 2012, vai fechar 2014 em R$ 35,9 bilh\u00f5es, um crescimento de 27,3% que representa uma m\u00e9dia anual de 9,1%, bem acima da infla\u00e7\u00e3o e dos reajustes salariais concedidos aos professores. Nada mal para um PIB de 0,9% em 2012, 2,3% em 2013 e com perspectivas negativas para 2014.<\/p>\n<p style=\"text-align: justify;\">De acordo com informa\u00e7\u00f5es prestadas ao tradicional jornal paranaense pela Hoper, administradora educacional, as duas meninas dos olhos desta lucratividade s\u00e3o o ensino a dist\u00e2ncia e o financiamento p\u00fablico do ensino privado (PROUNI e FIES). S\u00f3 no Paran\u00e1, o primeiro teria distribu\u00eddo em 2013, nada menos do que 19.200 bolsas de estudo.<\/p>\n<p style=\"text-align: justify;\">Nos diversos cursos mantidos pela Faculdade Evang\u00e9lica a realidade n\u00e3o \u00e9 diferente. Somente os alunos matriculados no tradicional Curso de Medicina pagam em torno de R$ 2.500,00 mensais. Em m\u00e9dia, os demais cursos cobram R$ 1.500,00 de cada acad\u00eamico. As inscri\u00e7\u00f5es est\u00e3o abertas para o vestibular que ocorrer\u00e1 no pr\u00f3ximo dia 11 de outubro e n\u00e3o d\u00e3o not\u00edcias de cursos deficit\u00e1rios. E ainda por cima jorram financiamentos e subs\u00eddios governamentais.<\/p>\n<p style=\"text-align: justify;\">Neste verdadeiro c\u00e9u de brigadeiro para as institui\u00e7\u00f5es de ensino privado do Paran\u00e1 e do Brasil a \u00fanica explica\u00e7\u00e3o para o cr\u00f4nico atraso salarial que tem vitimado professores e auxiliares de administra\u00e7\u00e3o escolar da FEPAR e a consequente queda vertiginosa da qualidade de ensino praticada \u00e9 a m\u00e1 administra\u00e7\u00e3o e o desvio de recursos educacionais para finalidades estranhas \u00e0 qualidade de ensino.<\/p>\n<p style=\"text-align: justify;\">A fim de reverter esse quadro, o Sinpes (Sindicato dos Professores de Ensino Superior de Curitiba), j\u00e1 agendou mesa redonda no Minist\u00e9rio do Trabalho com os respons\u00e1veis por esta institui\u00e7\u00e3o de ensino superior, a ser realizada no dia 01 de outubro.<\/p>\n<p style=\"text-align: justify;\">Os professores, alunos e auxiliares de administra\u00e7\u00e3o escolar tamb\u00e9m est\u00e3o convocados para uma reuni\u00e3o de mobiliza\u00e7\u00e3o a ser realizada no dia <strong>27 de setembro, \u00e0s 11 horas, no Hotel Deville,<\/strong> na Rua Comendador Ara\u00fajo 99. L\u00e1 ser\u00e3o discutidas medidas para por fim aos constantes atrasos salariais sofridos pelos professores e preservar a excel\u00eancia do ensino. Em debate at\u00e9 mesmo h\u00e1 a possibilidade de deflagra\u00e7\u00e3o de <strong>greve <\/strong>dos professores por tempo indeterminado, dada a situa\u00e7\u00e3o aflitiva do corpo docente.<\/p>\n<p style=\"text-align: justify;\"><strong>Depois de abra\u00e7ar o Hospital Evang\u00e9lico, venha apertar seus dirigentes neste movimento de mobiliza\u00e7\u00e3o por seriedade administrativa e qualidade educacional!<br \/>\n<\/strong><\/p>\n<p style=\"text-align: justify;\"><strong>\u00a0<\/strong><\/p>\n<p style=\"text-align: justify;\"><strong>Servi\u00e7o:<br \/>\n<\/strong><\/p>\n<p style=\"text-align: justify;\"><strong>Assembleia Geral dos Professores de Ensino Superior \/ Reuni\u00e3o de Mobiliza\u00e7\u00e3o da Comunidade Acad\u00eamica<\/strong><\/p>\n<p style=\"text-align: justify;\">Data: 27 de setembro, s\u00e1bado<\/p>\n<p style=\"text-align: justify;\">Hora: 11:00h<\/p>\n<p style=\"text-align: justify;\">Local: Hotel Deville Curitiba<\/p>\n<p style=\"text-align: justify;\">Endere\u00e7o: Rua Comendador Ara\u00fajo, 99 &#8211; 12\u00ba andar &#8211; Centro<\/p>\n<p style=\"text-align: justify;\"><strong>\u00a0<\/strong><\/p>\n<p style=\"text-align: justify;\"><strong>SINPES &#8211; Sindicato dos Professores de Ensino Superior de Curitiba e Regi\u00e3o Metropolitana.<\/strong><\/p>\n<p style=\"text-align: justify;\">Endere\u00e7o: Rua Marechal Deodoro, 869 cj. 606<br \/>\nCep: 80060 -010<br \/>\nCuritiba- Paran\u00e1<\/p>\n<p style=\"text-align: justify;\">Tel: (41) 3225-1041 \/ (41) 3323-6867<br \/>\nTelefone\/fax: +55 41 3225-1041<\/p>\n<p style=\"text-align: justify;\">Site: <a href=\"http:\/\/www.sinpes.org.br\">www.sinpes.org.br<\/a><\/p>\n<p style=\"text-align: justify;\">E-mail: <a href=\"mailto:sinpes@sinpes.org.br\">sinpes@sinpes.org.br<\/a><\/p>\n<!-- AddThis Advanced Settings generic via filter on the_content --><!-- AddThis Share Buttons generic via filter on the_content -->","protected":false},"excerpt":{"rendered":"<p>EVANG\u00c9LICA: UM DESERTO NO MEIO DO O\u00c1SIS? Cerca de 300 professores da Faculdade Evang\u00e9lica do Paran\u00e1 (Fepar) denunciam que est\u00e3o sem receber o pagamento referente ao m\u00eas de agosto. \u00c9 cr\u00f4nico o n\u00e3o recebimento pontual<!-- AddThis Advanced Settings generic via filter on wp_trim_excerpt --><!-- AddThis Share Buttons generic via filter on wp_trim_excerpt --><\/p>\n","protected":false},"author":2,"featured_media":0,"comment_status":"closed","ping_status":"open","sticky":false,"template":"","format":"standard","meta":{"footnotes":""},"categories":[18,20,13],"tags":[26,64,58],"class_list":["post-322","post","type-post","status-publish","format-standard","hentry","category-destaque","category-fepar","category-home","tag-evangelica","tag-fepar","tag-salario"],"_links":{"self":[{"href":"https:\/\/sinpes.org.br\/site\/wp-json\/wp\/v2\/posts\/322","targetHints":{"allow":["GET"]}}],"collection":[{"href":"https:\/\/sinpes.org.br\/site\/wp-json\/wp\/v2\/posts"}],"about":[{"href":"https:\/\/sinpes.org.br\/site\/wp-json\/wp\/v2\/types\/post"}],"author":[{"embeddable":true,"href":"https:\/\/sinpes.org.br\/site\/wp-json\/wp\/v2\/users\/2"}],"replies":[{"embeddable":true,"href":"https:\/\/sinpes.org.br\/site\/wp-json\/wp\/v2\/comments?post=322"}],"version-history":[{"count":4,"href":"https:\/\/sinpes.org.br\/site\/wp-json\/wp\/v2\/posts\/322\/revisions"}],"predecessor-version":[{"id":327,"href":"https:\/\/sinpes.org.br\/site\/wp-json\/wp\/v2\/posts\/322\/revisions\/327"}],"wp:attachment":[{"href":"https:\/\/sinpes.org.br\/site\/wp-json\/wp\/v2\/media?parent=322"}],"wp:term":[{"taxonomy":"category","embeddable":true,"href":"https:\/\/sinpes.org.br\/site\/wp-json\/wp\/v2\/categories?post=322"},{"taxonomy":"post_tag","embeddable":true,"href":"https:\/\/sinpes.org.br\/site\/wp-json\/wp\/v2\/tags?post=322"}],"curies":[{"name":"wp","href":"https:\/\/api.w.org\/{rel}","templated":true}]}}