{"id":3218,"date":"2020-07-07T19:33:44","date_gmt":"2020-07-07T22:33:44","guid":{"rendered":"https:\/\/sinpes.org.br\/site\/?p=3218"},"modified":"2020-07-07T19:33:44","modified_gmt":"2020-07-07T22:33:44","slug":"professoras-e-professores-do-uninter-podem-votar-encaminhamentos-definidos-em-reuniao-online","status":"publish","type":"post","link":"https:\/\/sinpes.org.br\/site\/professoras-e-professores-do-uninter-podem-votar-encaminhamentos-definidos-em-reuniao-online\/","title":{"rendered":"Professoras e professores do Uninter podem votar encaminhamentos definidos em reuni\u00e3o online"},"content":{"rendered":"<p>Na tarde desta ter\u00e7a feira (07\/07) o Sinpes realizou uma reuni\u00e3o online com professoras e professores do Uninter para debater as diversas e constantes demiss\u00f5es na institui\u00e7\u00e3o, al\u00e9m de outros problemas como redu\u00e7\u00e3o na carga hor\u00e1ria dos docentes.<br \/>\nOs presentes expressaram seu descontentamento e apreens\u00e3o diante das muitas demiss\u00f5es que tem sido recorrentes desde a metade de 2019 e t\u00eam se intensificado agora em plena pandemia.<br \/>\nAssim, ficou definido que os professores e professoras do Uninter podem votar at\u00e9 as 12 h de 08\/07\/2020 enviando para o e-mail: comunicacao@sinpes.org.br sua posi\u00e7\u00e3o diante dos seguintes encaminhamentos definidos na reuni\u00e3o:<br \/>\nPROPOSTA:<br \/>\n1. Convidar o Uninter para negociar e celebrar ACT, no qual constem, dentre outras reivindica\u00e7\u00f5es a serem acrescidas em assembleia geral convocada para votar pauta de reivindica\u00e7\u00f5es (na hip\u00f3tese de haver receptividade patronal para a celebra\u00e7\u00e3o de ACT):<br \/>\na) Cl\u00e1usulas de transpar\u00eancia e direito de informa\u00e7\u00e3o sindical no Uninter. Entre elas: Informa\u00e7\u00f5es completas de quem foi demitido; informa\u00e7\u00f5es completas de redu\u00e7\u00f5es de carga hor\u00e1ria e diminui\u00e7\u00e3o salarial; obrigatoriedade do empregador fornecer e-mails dos professores (pois o Sinpes os representa conforme CF, artigo 8\u00ba);<br \/>\nb) Compromisso de que coordenadores abstenham-se de fazer qualquer fala que possa configurar constrangimento \u00e0 atua\u00e7\u00e3o sindical e \u00e0 liberdade dos professores.<br \/>\nc) Garantias trabalhistas contra redu\u00e7\u00f5es de carga hor\u00e1ria fora das hip\u00f3teses ajustadas em conven\u00e7\u00e3o coletiva de trabalho, contra despedidas coletivas e em caso de necessidade de se promover despedida coletiva, de indeniza\u00e7\u00e3o adicional \u00e0s verbas rescis\u00f3rias;<br \/>\n1.1 \u2013 Em caso de recusa de se estabelecer o compromisso aduzido no item 1.A a diretoria do Sinpes estudar\u00e1 a possibilidade e viabilidade de ajuizar a\u00e7\u00e3o de exibi\u00e7\u00e3o de documentos.<br \/>\n2. Simultaneamente ao postulado no item 1, encaminhamento imediato de of\u00edcio ao Minist\u00e9rio P\u00fablico do Trabalho solicitando MEDIA\u00c7\u00c3O.<br \/>\n3. Convoca\u00e7\u00e3o das lideran\u00e7as estudantis para reuni\u00e3o de mobiliza\u00e7\u00e3o a fim de tra\u00e7ar estrat\u00e9gias comuns contra a precariza\u00e7\u00e3o do ensino e das condi\u00e7\u00f5es de trabalho.<\/p>\n<p>A vota\u00e7\u00e3o dever\u00e1 ser dirigida ao e-mail para o e-mail: comunicacao@sinpes.org.br at\u00e9 as 12h do dia 08\/07\/2020 por proposta acima apresentada, da seguinte maneira, para que n\u00e3o haja d\u00favidas acerca do posicionamento do professor em rela\u00e7\u00e3o a cada uma das situa\u00e7\u00f5es acima descritas, da seguinte maneira:<br \/>\nSim, N\u00e3o ou Absten\u00e7\u00e3o.<\/p>\n<!-- AddThis Advanced Settings generic via filter on the_content --><!-- AddThis Share Buttons generic via filter on the_content -->","protected":false},"excerpt":{"rendered":"<p>Na tarde desta ter\u00e7a feira (07\/07) o Sinpes realizou uma reuni\u00e3o online com professoras e professores do Uninter para debater as diversas e constantes demiss\u00f5es na institui\u00e7\u00e3o, al\u00e9m de outros problemas como redu\u00e7\u00e3o na carga hor\u00e1ria dos docentes. Os presentes expressaram seu descontentamento e apreens\u00e3o diante das muitas demiss\u00f5es que tem sido recorrentes desde a [&hellip;]<!-- AddThis Advanced Settings generic via filter on wp_trim_excerpt --><!-- AddThis Share Buttons generic via filter on wp_trim_excerpt --><\/p>\n","protected":false},"author":3,"featured_media":0,"comment_status":"closed","ping_status":"open","sticky":false,"template":"","format":"standard","meta":{"footnotes":""},"categories":[7,478,18,13],"tags":[366,544,541,543,469,545],"class_list":["post-3218","post","type-post","status-publish","format-standard","hentry","category-arquivo-de-noticias","category-coronavirus-e-direitos-dos-professores","category-destaque","category-home","tag-demissoes","tag-demissoes-uninter","tag-professores-do-uninter","tag-reuniao-uninter","tag-uninter","tag-votacao-uninter"],"_links":{"self":[{"href":"https:\/\/sinpes.org.br\/site\/wp-json\/wp\/v2\/posts\/3218","targetHints":{"allow":["GET"]}}],"collection":[{"href":"https:\/\/sinpes.org.br\/site\/wp-json\/wp\/v2\/posts"}],"about":[{"href":"https:\/\/sinpes.org.br\/site\/wp-json\/wp\/v2\/types\/post"}],"author":[{"embeddable":true,"href":"https:\/\/sinpes.org.br\/site\/wp-json\/wp\/v2\/users\/3"}],"replies":[{"embeddable":true,"href":"https:\/\/sinpes.org.br\/site\/wp-json\/wp\/v2\/comments?post=3218"}],"version-history":[{"count":1,"href":"https:\/\/sinpes.org.br\/site\/wp-json\/wp\/v2\/posts\/3218\/revisions"}],"predecessor-version":[{"id":3219,"href":"https:\/\/sinpes.org.br\/site\/wp-json\/wp\/v2\/posts\/3218\/revisions\/3219"}],"wp:attachment":[{"href":"https:\/\/sinpes.org.br\/site\/wp-json\/wp\/v2\/media?parent=3218"}],"wp:term":[{"taxonomy":"category","embeddable":true,"href":"https:\/\/sinpes.org.br\/site\/wp-json\/wp\/v2\/categories?post=3218"},{"taxonomy":"post_tag","embeddable":true,"href":"https:\/\/sinpes.org.br\/site\/wp-json\/wp\/v2\/tags?post=3218"}],"curies":[{"name":"wp","href":"https:\/\/api.w.org\/{rel}","templated":true}]}}