{"id":3216,"date":"2020-07-07T09:17:34","date_gmt":"2020-07-07T12:17:34","guid":{"rendered":"https:\/\/sinpes.org.br\/site\/?p=3216"},"modified":"2020-07-07T09:17:34","modified_gmt":"2020-07-07T12:17:34","slug":"sinpes-convida-professores-e-professoras-do-uninter-para-reuniao-virtual","status":"publish","type":"post","link":"https:\/\/sinpes.org.br\/site\/sinpes-convida-professores-e-professoras-do-uninter-para-reuniao-virtual\/","title":{"rendered":"Sinpes convida professores e professoras do Uninter para reuni\u00e3o virtual"},"content":{"rendered":"<p>Diante das crescentes demiss\u00f5es no Centro Universit\u00e1rio Internacional &#8211; UNINTER, o Sindicato dos Professores de Ensino Superior de Curitiba e Regi\u00e3o Metropolitana- Sinpes convida para Reuni\u00e3o Virtual na pr\u00f3xima ter\u00e7a feira 07\/07\/2020 \u00e0s 17 h para discutir solu\u00e7\u00f5es no enfrentamento dos cortes e demiss\u00f5es na institui\u00e7\u00e3o. O link de acesso ser\u00e1 encaminhado aos professores por meio dos grupos de WhatsApp de docentes do Uninter, refor\u00e7ando o convite para que os professores demitidos tamb\u00e9m estejam presentes. Aqueles que n\u00e3o tiverem acesso ao link por meio dos grupos podem solicitar pelo e-mail: comunicacao@sinpes.org.br<\/p>\n<!-- AddThis Advanced Settings generic via filter on the_content --><!-- AddThis Share Buttons generic via filter on the_content -->","protected":false},"excerpt":{"rendered":"<p>Diante das crescentes demiss\u00f5es no Centro Universit\u00e1rio Internacional &#8211; UNINTER, o Sindicato dos Professores de Ensino Superior de Curitiba e Regi\u00e3o Metropolitana- Sinpes convida para Reuni\u00e3o Virtual na pr\u00f3xima ter\u00e7a feira 07\/07\/2020 \u00e0s 17 h para discutir solu\u00e7\u00f5es no enfrentamento dos cortes e demiss\u00f5es na institui\u00e7\u00e3o. O link de acesso ser\u00e1 encaminhado aos professores por [&hellip;]<!-- AddThis Advanced Settings generic via filter on wp_trim_excerpt --><!-- AddThis Share Buttons generic via filter on wp_trim_excerpt --><\/p>\n","protected":false},"author":3,"featured_media":0,"comment_status":"closed","ping_status":"open","sticky":false,"template":"","format":"standard","meta":{"footnotes":""},"categories":[7,478,18,13],"tags":[366,281,541,542,469],"class_list":["post-3216","post","type-post","status-publish","format-standard","hentry","category-arquivo-de-noticias","category-coronavirus-e-direitos-dos-professores","category-destaque","category-home","tag-demissoes","tag-direitos-dos-professores","tag-professores-do-uninter","tag-reuniao-virtual","tag-uninter"],"_links":{"self":[{"href":"https:\/\/sinpes.org.br\/site\/wp-json\/wp\/v2\/posts\/3216","targetHints":{"allow":["GET"]}}],"collection":[{"href":"https:\/\/sinpes.org.br\/site\/wp-json\/wp\/v2\/posts"}],"about":[{"href":"https:\/\/sinpes.org.br\/site\/wp-json\/wp\/v2\/types\/post"}],"author":[{"embeddable":true,"href":"https:\/\/sinpes.org.br\/site\/wp-json\/wp\/v2\/users\/3"}],"replies":[{"embeddable":true,"href":"https:\/\/sinpes.org.br\/site\/wp-json\/wp\/v2\/comments?post=3216"}],"version-history":[{"count":1,"href":"https:\/\/sinpes.org.br\/site\/wp-json\/wp\/v2\/posts\/3216\/revisions"}],"predecessor-version":[{"id":3217,"href":"https:\/\/sinpes.org.br\/site\/wp-json\/wp\/v2\/posts\/3216\/revisions\/3217"}],"wp:attachment":[{"href":"https:\/\/sinpes.org.br\/site\/wp-json\/wp\/v2\/media?parent=3216"}],"wp:term":[{"taxonomy":"category","embeddable":true,"href":"https:\/\/sinpes.org.br\/site\/wp-json\/wp\/v2\/categories?post=3216"},{"taxonomy":"post_tag","embeddable":true,"href":"https:\/\/sinpes.org.br\/site\/wp-json\/wp\/v2\/tags?post=3216"}],"curies":[{"name":"wp","href":"https:\/\/api.w.org\/{rel}","templated":true}]}}