{"id":3214,"date":"2020-07-07T09:09:56","date_gmt":"2020-07-07T12:09:56","guid":{"rendered":"https:\/\/sinpes.org.br\/site\/?p=3214"},"modified":"2020-07-07T09:09:56","modified_gmt":"2020-07-07T12:09:56","slug":"professoras-e-professores-da-universidade-positivo-podem-votar-encaminhamentos-definidos-em-reuniao-online","status":"publish","type":"post","link":"https:\/\/sinpes.org.br\/site\/professoras-e-professores-da-universidade-positivo-podem-votar-encaminhamentos-definidos-em-reuniao-online\/","title":{"rendered":"Professoras e professores da Universidade Positivo podem votar encaminhamentos definidos em reuni\u00e3o online"},"content":{"rendered":"<div class=\"\" data-block=\"true\" data-editor=\"51oso\" data-offset-key=\"4icsl-0-0\">\n<div class=\"_1mf _1mj\" data-offset-key=\"4icsl-0-0\"><span data-offset-key=\"4icsl-0-0\">Na tarde desta segunda feira (06\/07) o Sinpes realizou uma reuni\u00e3o online com professoras, professores, alunas e alunos da Universidade Positivo para debater os diversos problemas que a Cruzeiro do Sul Educacional, grupo que adquiriu a universidade no final de 2019, tem imposto a educadores e estudantes. <\/span><\/div>\n<\/div>\n<div class=\"\" data-block=\"true\" data-editor=\"51oso\" data-offset-key=\"89ba1-0-0\">\n<div class=\"_1mf _1mj\" data-offset-key=\"89ba1-0-0\"><span data-offset-key=\"89ba1-0-0\">\u00a0<\/span><\/div>\n<\/div>\n<div class=\"\" data-block=\"true\" data-editor=\"51oso\" data-offset-key=\"c5ot-0-0\">\n<div class=\"_1mf _1mj\" data-offset-key=\"c5ot-0-0\"><span data-offset-key=\"c5ot-0-0\">Os presentes expressaram seu descontentamento e apreens\u00e3o diante das recentes demiss\u00f5es, da redu\u00e7\u00e3o de carga hor\u00e1ria, do fim de projetos e cursos de extens\u00e3o e do crescimento consider\u00e1vel de cursos EAD que tem suprimido os presenciais.<\/span><\/div>\n<\/div>\n<div class=\"\" data-block=\"true\" data-editor=\"51oso\" data-offset-key=\"71fjp-0-0\">\n<div class=\"_1mf _1mj\" data-offset-key=\"71fjp-0-0\"><span data-offset-key=\"71fjp-0-0\">\u00a0<\/span><\/div>\n<\/div>\n<div class=\"\" data-block=\"true\" data-editor=\"51oso\" data-offset-key=\"86fpr-0-0\">\n<div class=\"_1mf _1mj\" data-offset-key=\"86fpr-0-0\"><span data-offset-key=\"86fpr-0-0\">Assim, ficou definido que os professores e professoras da UP podem votar at\u00e9 as 12 h de 07\/07\/2020 nos seguintes encaminhamentos definidos na reuni\u00e3o:<\/span><\/div>\n<\/div>\n<div class=\"\" data-block=\"true\" data-editor=\"51oso\" data-offset-key=\"7lu9-0-0\">\n<div class=\"_1mf _1mj\" data-offset-key=\"7lu9-0-0\"><span data-offset-key=\"7lu9-0-0\">PROPOSTA:<\/span><\/div>\n<\/div>\n<div class=\"\" data-block=\"true\" data-editor=\"51oso\" data-offset-key=\"bv47l-0-0\">\n<div class=\"_1mf _1mj\" data-offset-key=\"bv47l-0-0\"><span data-offset-key=\"bv47l-0-0\">\u00a0<\/span><\/div>\n<\/div>\n<div class=\"\" data-block=\"true\" data-editor=\"51oso\" data-offset-key=\"9bdbu-0-0\">\n<div class=\"_1mf _1mj\" data-offset-key=\"9bdbu-0-0\"><span data-offset-key=\"9bdbu-0-0\">1. Convidar a UP para negociar e celebrar ACT, no qual constem, dentre outras reivindica\u00e7\u00f5es a serem acrescidas em assembleia geral convocada para votar pauta de reivindica\u00e7\u00f5es (na hip\u00f3tese de haver receptividade patronal para a celebra\u00e7\u00e3o de ACT):<\/span><\/div>\n<\/div>\n<div class=\"\" data-block=\"true\" data-editor=\"51oso\" data-offset-key=\"5tcsl-0-0\">\n<div class=\"_1mf _1mj\" data-offset-key=\"5tcsl-0-0\"><span data-offset-key=\"5tcsl-0-0\">a) Cl\u00e1usulas de transpar\u00eancia e direito de informa\u00e7\u00e3o sindical na UP. Entre elas: Informa\u00e7\u00f5es completas de quem foi demitido; informa\u00e7\u00f5es completas de redu\u00e7\u00f5es de carga hor\u00e1ria e diminui\u00e7\u00e3o salarial; obrigatoriedade do empregador fornecer e-mails dos professores (pois o Sinpes os representa conforme CF, artigo 8\u00ba);<\/span><\/div>\n<\/div>\n<div class=\"\" data-block=\"true\" data-editor=\"51oso\" data-offset-key=\"6itqv-0-0\">\n<div class=\"_1mf _1mj\" data-offset-key=\"6itqv-0-0\"><span data-offset-key=\"6itqv-0-0\">b) Compromisso de que coordenadores e chefes de projetos abstenham-se de fazer qualquer fala que possa configurar constrangimento \u00e0 atua\u00e7\u00e3o sindical e \u00e0 liberdade dos professores em grupos de Whatsapp.<\/span><\/div>\n<\/div>\n<div class=\"\" data-block=\"true\" data-editor=\"51oso\" data-offset-key=\"c8mi9-0-0\">\n<div class=\"_1mf _1mj\" data-offset-key=\"c8mi9-0-0\"><span data-offset-key=\"c8mi9-0-0\">c) Garantias trabalhistas contra redu\u00e7\u00f5es de carga hor\u00e1ria fora das hip\u00f3teses ajustadas em conven\u00e7\u00e3o coletiva de trabalho, contra despedidas coletivas e em caso de necessidade de se promover despedida coletiva, de indeniza\u00e7\u00e3o adicional \u00e0s verbas rescis\u00f3rias; <\/span><\/div>\n<\/div>\n<div class=\"\" data-block=\"true\" data-editor=\"51oso\" data-offset-key=\"9ugka-0-0\">\n<div class=\"_1mf _1mj\" data-offset-key=\"9ugka-0-0\"><span data-offset-key=\"9ugka-0-0\">d) Obrigatoriedade de restabelecimento do pagamento imediato de adicional noturno para os professores que lecionam em hor\u00e1rios ap\u00f3s 22h00min.<\/span><\/div>\n<\/div>\n<div class=\"\" data-block=\"true\" data-editor=\"51oso\" data-offset-key=\"9t3p7-0-0\">\n<div class=\"_1mf _1mj\" data-offset-key=\"9t3p7-0-0\"><span data-offset-key=\"9t3p7-0-0\">1.1 \u2013 Em caso de recusa de se estabelecer o compromisso aduzido no item 1.A a diretoria do Sinpes estudar\u00e1 a possibilidade e viabilidade de ajuizar a\u00e7\u00e3o de exibi\u00e7\u00e3o de documentos. <\/span><\/div>\n<\/div>\n<div class=\"\" data-block=\"true\" data-editor=\"51oso\" data-offset-key=\"fane1-0-0\">\n<div class=\"_1mf _1mj\" data-offset-key=\"fane1-0-0\"><span data-offset-key=\"fane1-0-0\">2. Simultaneamente ao postulado no item 1, encaminhamento imediato de of\u00edcio ao Minist\u00e9rio P\u00fablico do Trabalho solicitando MEDIA\u00c7\u00c3O.<\/span><\/div>\n<\/div>\n<div class=\"\" data-block=\"true\" data-editor=\"51oso\" data-offset-key=\"dk0t3-0-0\">\n<div class=\"_1mf _1mj\" data-offset-key=\"dk0t3-0-0\"><span data-offset-key=\"dk0t3-0-0\">3. Convoca\u00e7\u00e3o das lideran\u00e7as estudantis para reuni\u00e3o de mobiliza\u00e7\u00e3o a fim de tra\u00e7ar estrat\u00e9gias comuns contra a precariza\u00e7\u00e3o do ensino e das condi\u00e7\u00f5es de trabalho.<\/span><\/div>\n<\/div>\n<div class=\"\" data-block=\"true\" data-editor=\"51oso\" data-offset-key=\"ftq0p-0-0\">\n<div class=\"_1mf _1mj\" data-offset-key=\"ftq0p-0-0\"><span data-offset-key=\"ftq0p-0-0\">PROPOSTA II:<\/span><\/div>\n<\/div>\n<div class=\"\" data-block=\"true\" data-editor=\"51oso\" data-offset-key=\"9qoel-0-0\">\n<div class=\"_1mf _1mj\" data-offset-key=\"9qoel-0-0\"><span data-offset-key=\"9qoel-0-0\">Gostaria que o Sinpes convoque assembleia geral oficial para que seja discutida a possibilidade de se deflagrar greve por tempo indeterminado como forma de press\u00e3o contra rescis\u00f5es em massa e contra redu\u00e7\u00e3o generalizada de carga hor\u00e1ria.<\/span><\/div>\n<\/div>\n<div class=\"\" data-block=\"true\" data-editor=\"51oso\" data-offset-key=\"2jfch-0-0\">\n<div class=\"_1mf _1mj\" data-offset-key=\"2jfch-0-0\"><span data-offset-key=\"2jfch-0-0\">As professoras e professores podem votar at\u00e9 as 16h desta ter\u00e7a feira (07\/07), prazo ampliado tendo em vista n\u00e3o terem sido divulgadas ontem as propostas a serem votadas por problemas t\u00e9cnicos, conforme informado na assembleia.<\/span><\/div>\n<\/div>\n<div class=\"\" data-block=\"true\" data-editor=\"51oso\" data-offset-key=\"3g1tf-0-0\">\n<div class=\"_1mf _1mj\" data-offset-key=\"3g1tf-0-0\"><span data-offset-key=\"3g1tf-0-0\">A vota\u00e7\u00e3o dever\u00e1 ser dirigida ao e-mail para o e-mail: comunicacao@sinpes.org.br por proposta acima apresentada, da seguinte maneira, para que n\u00e3o haja d\u00favidas acerca do posicionamento do professor em rela\u00e7\u00e3o a cada uma das situa\u00e7\u00f5es acima descritas, da seguinte maneira:<\/span><\/div>\n<\/div>\n<div class=\"\" data-block=\"true\" data-editor=\"51oso\" data-offset-key=\"fenf1-0-0\">\n<div class=\"_1mf _1mj\" data-offset-key=\"fenf1-0-0\"><span data-offset-key=\"fenf1-0-0\">\u00a0<\/span><\/div>\n<\/div>\n<div class=\"\" data-block=\"true\" data-editor=\"51oso\" data-offset-key=\"4sai0-0-0\">\n<div class=\"_1mf _1mj\" data-offset-key=\"4sai0-0-0\"><span data-offset-key=\"4sai0-0-0\">PROPOSTA I: Sim, N\u00e3o ou Absten\u00e7\u00e3o;<\/span><\/div>\n<\/div>\n<div class=\"\" data-block=\"true\" data-editor=\"51oso\" data-offset-key=\"1lood-0-0\">\n<div class=\"_1mf _1mj\" data-offset-key=\"1lood-0-0\"><span data-offset-key=\"1lood-0-0\">Proposta II: Sim, N\u00e3o ou Absten\u00e7\u00e3o.<\/span><\/div>\n<\/div>\n<!-- AddThis Advanced Settings generic via filter on the_content --><!-- AddThis Share Buttons generic via filter on the_content -->","protected":false},"excerpt":{"rendered":"<p>Na tarde desta segunda feira (06\/07) o Sinpes realizou uma reuni\u00e3o online com professoras, professores, alunas e alunos da Universidade Positivo para debater os diversos problemas que a Cruzeiro do Sul Educacional, grupo que adquiriu a universidade no final de 2019, tem imposto a educadores e estudantes. \u00a0 Os presentes expressaram seu descontentamento e apreens\u00e3o [&hellip;]<!-- AddThis Advanced Settings generic via filter on wp_trim_excerpt --><!-- AddThis Share Buttons generic via filter on wp_trim_excerpt --><\/p>\n","protected":false},"author":3,"featured_media":0,"comment_status":"closed","ping_status":"open","sticky":false,"template":"","format":"standard","meta":{"footnotes":""},"categories":[7,478,18,175],"tags":[540,366,128,536,537,539,198,538],"class_list":["post-3214","post","type-post","status-publish","format-standard","hentry","category-arquivo-de-noticias","category-coronavirus-e-direitos-dos-professores","category-destaque","category-positivo","tag-cruzeiro-do-sul","tag-demissoes","tag-positivo","tag-professores-da-positivo","tag-reducao-de-carga","tag-reuniao-online","tag-universidade-positivo","tag-votacao"],"_links":{"self":[{"href":"https:\/\/sinpes.org.br\/site\/wp-json\/wp\/v2\/posts\/3214","targetHints":{"allow":["GET"]}}],"collection":[{"href":"https:\/\/sinpes.org.br\/site\/wp-json\/wp\/v2\/posts"}],"about":[{"href":"https:\/\/sinpes.org.br\/site\/wp-json\/wp\/v2\/types\/post"}],"author":[{"embeddable":true,"href":"https:\/\/sinpes.org.br\/site\/wp-json\/wp\/v2\/users\/3"}],"replies":[{"embeddable":true,"href":"https:\/\/sinpes.org.br\/site\/wp-json\/wp\/v2\/comments?post=3214"}],"version-history":[{"count":1,"href":"https:\/\/sinpes.org.br\/site\/wp-json\/wp\/v2\/posts\/3214\/revisions"}],"predecessor-version":[{"id":3215,"href":"https:\/\/sinpes.org.br\/site\/wp-json\/wp\/v2\/posts\/3214\/revisions\/3215"}],"wp:attachment":[{"href":"https:\/\/sinpes.org.br\/site\/wp-json\/wp\/v2\/media?parent=3214"}],"wp:term":[{"taxonomy":"category","embeddable":true,"href":"https:\/\/sinpes.org.br\/site\/wp-json\/wp\/v2\/categories?post=3214"},{"taxonomy":"post_tag","embeddable":true,"href":"https:\/\/sinpes.org.br\/site\/wp-json\/wp\/v2\/tags?post=3214"}],"curies":[{"name":"wp","href":"https:\/\/api.w.org\/{rel}","templated":true}]}}