{"id":3209,"date":"2020-07-03T15:53:47","date_gmt":"2020-07-03T18:53:47","guid":{"rendered":"https:\/\/sinpes.org.br\/site\/?p=3209"},"modified":"2020-07-03T17:37:03","modified_gmt":"2020-07-03T20:37:03","slug":"professoras-e-professores-do-unicuritiba-aprovam-indicativo-de-greve","status":"publish","type":"post","link":"https:\/\/sinpes.org.br\/site\/professoras-e-professores-do-unicuritiba-aprovam-indicativo-de-greve\/","title":{"rendered":"Professoras e Professores do Unicuritiba aprovam indicativo de greve"},"content":{"rendered":"<p>Depois de uma semana intensa de debates e a\u00e7\u00f5es os professores e professoras do Unicuritiba aprovaram, por meio de vota\u00e7\u00e3o, os encaminhamentos da Assembleia Virtual realizada na quinta feira (02\/07). Entre as medidas aprovadas est\u00e1 um indicativo de greve a partir do dia 16.07.2020.<\/p>\n<p>Os professores que participaram da vota\u00e7\u00e3o aprovaram os seguintes encaminhamentos:<\/p>\n<ol>\n<li><strong>Ingressar imediatamente como \u201camicus curiae\u201d na a\u00e7\u00e3o judicial dos alunos<\/strong><\/li>\n<\/ol>\n<p>Em 01\/07 a justi\u00e7a paranaense concedeu uma liminar aos estudantes do Unicuritiba e, com isso, o impedimento de que a institui\u00e7\u00e3o modifique a matriz curricular. A mudan\u00e7a da grade j\u00e1 a partir do segundo semestre de 2020 \u00e9 uma das pretens\u00f5es do Grupo \u00c2nima, que comprou a Unicuritiba em 2019. A decis\u00e3o foi do juiz Fabiano Jamur Cecy, da 18\u00aa Vara C\u00edvel de Curitiba.<\/p>\n<p>A a\u00e7\u00e3o foi movida pelo Centro Acad\u00eamico de Rela\u00e7\u00f5es Internacionais Primeiro de Janeiro (dos estudantes de Rela\u00e7\u00f5es Internacionais), pelo Diret\u00f3rio Acad\u00eamico Clot\u00e1rio Portugal (dos estudantes de Direito) e pelo Diret\u00f3rio Central dos Estudantes.<\/p>\n<p>O Sinpes dever\u00e1 entrar nas pr\u00f3ximas horas como \u201camicus curiae\u201d na a\u00e7\u00e3o dos estudantes para fortalecer a luta e ajudar a manter a decis\u00e3o judicial.<\/p>\n<p><strong>2) Requerer junto ao Minist\u00e9rio P\u00fablico do Trabalho antecipa\u00e7\u00e3o para o dia 16.07.2020 da pr\u00f3xima rodada de negocia\u00e7\u00f5es com o grupo \u00c2nima<\/strong><\/p>\n<p>Na manh\u00e3 de quinta-feira (02\/07) o Sinpes participou de audi\u00eancia eletr\u00f4nica no Minist\u00e9rio P\u00fablico do Trabalho (MPT) para tratar sobre as reinvindica\u00e7\u00f5es dos professores do Unicuritiba quanto \u00e0 confec\u00e7\u00e3o de um novo edital de sele\u00e7\u00e3o de professores que garanta empregos e direitos ao corpo docente e \u00e0 implanta\u00e7\u00e3o das chamadas Unidades Curriculares, medida dr\u00e1stica de aglutina\u00e7\u00e3o e de enxugamento das atuais disciplinas com reflexos na qualidade do ensino e na carga hor\u00e1ria trabalhada dos professores.<\/p>\n<p>A media\u00e7\u00e3o foi feita pelo Procurador do Trabalho Dr. Alberto Emilliano de Oliveira Neto. Por ocasi\u00e3o dessa reuni\u00e3o, o o representante do Grupo \u00c2nima comprometeu-se a tornar sem efeito o edital at\u00e9 ent\u00e3o suspenso e negociar com o Sinpes e os professores edital substitutivo no curso do segundo semestre de 2020.<\/p>\n<p>A respeito das pol\u00eamicas Unidades Curriculares, revelou inten\u00e7\u00e3o do grupo \u00c2nima de implant\u00e1-las paulatinamente para os novos alunos a partir do pr\u00f3ximo semestre, n\u00e3o aceitando em princ\u00edpio qualquer negocia\u00e7\u00e3o sobre o tema.<\/p>\n<p>Nova audi\u00eancia no MPT foi marcada para o dia 22\/07 ou antes disso na hip\u00f3tese de fato novo por requerimento de qualquer das partes.<\/p>\n<p>Os professores em assembleia entenderam excessivo o prazo ajustado na reuni\u00e3o entre os dirigentes do Sinpes e o advogado do Grupo \u00c2nima. E deliberaram no sentido de que fosse requerida antecipa\u00e7\u00e3o da pr\u00f3xima reuni\u00e3o para o pr\u00f3ximo dia 16.07.2020.<\/p>\n<p><strong>3) Aprova\u00e7\u00e3o de indicativo de greve a partir do dia 16.07.2020 <\/strong><\/p>\n<p>A assembleia dos professores tamb\u00e9m entendeu que se n\u00e3o for suspensa a implanta\u00e7\u00e3o das Unidades Curriculares no in\u00edcio do segundo semestre de 2020 para os alunos de primeiro per\u00edodo, o Sinpes deveria dar por encerradas as negocia\u00e7\u00f5es por ocasi\u00e3o da reuni\u00e3o de 16.07.2020, extraindo ata negativa da reuni\u00e3o do dia 16.08.2020 para viabilizar a legalidade do movimento paredista.<\/p>\n<p>Coerente com esse entendimento deliberou pelo indicativo de greve a partir do dia 16.07.2020.<\/p>\n<!-- AddThis Advanced Settings generic via filter on the_content --><!-- AddThis Share Buttons generic via filter on the_content -->","protected":false},"excerpt":{"rendered":"<p>Depois de uma semana intensa de debates e a\u00e7\u00f5es os professores e professoras do Unicuritiba aprovaram, por meio de vota\u00e7\u00e3o, os encaminhamentos da Assembleia Virtual realizada na quinta feira (02\/07). Entre as medidas aprovadas est\u00e1 um indicativo de greve a partir do dia 16.07.2020. Os professores que participaram da vota\u00e7\u00e3o aprovaram os seguintes encaminhamentos: Ingressar [&hellip;]<!-- AddThis Advanced Settings generic via filter on wp_trim_excerpt --><!-- AddThis Share Buttons generic via filter on wp_trim_excerpt --><\/p>\n","protected":false},"author":3,"featured_media":0,"comment_status":"closed","ping_status":"open","sticky":false,"template":"","format":"standard","meta":{"footnotes":""},"categories":[7,478,18,13],"tags":[525,83,494,535,519,516,369],"class_list":["post-3209","post","type-post","status-publish","format-standard","hentry","category-arquivo-de-noticias","category-coronavirus-e-direitos-dos-professores","category-destaque","category-home","tag-edital-unicuritiba","tag-greve","tag-grupo-anima","tag-indicativo-de-greve","tag-mpt","tag-professores-do-unicuritiba","tag-unicuritiba"],"_links":{"self":[{"href":"https:\/\/sinpes.org.br\/site\/wp-json\/wp\/v2\/posts\/3209","targetHints":{"allow":["GET"]}}],"collection":[{"href":"https:\/\/sinpes.org.br\/site\/wp-json\/wp\/v2\/posts"}],"about":[{"href":"https:\/\/sinpes.org.br\/site\/wp-json\/wp\/v2\/types\/post"}],"author":[{"embeddable":true,"href":"https:\/\/sinpes.org.br\/site\/wp-json\/wp\/v2\/users\/3"}],"replies":[{"embeddable":true,"href":"https:\/\/sinpes.org.br\/site\/wp-json\/wp\/v2\/comments?post=3209"}],"version-history":[{"count":2,"href":"https:\/\/sinpes.org.br\/site\/wp-json\/wp\/v2\/posts\/3209\/revisions"}],"predecessor-version":[{"id":3211,"href":"https:\/\/sinpes.org.br\/site\/wp-json\/wp\/v2\/posts\/3209\/revisions\/3211"}],"wp:attachment":[{"href":"https:\/\/sinpes.org.br\/site\/wp-json\/wp\/v2\/media?parent=3209"}],"wp:term":[{"taxonomy":"category","embeddable":true,"href":"https:\/\/sinpes.org.br\/site\/wp-json\/wp\/v2\/categories?post=3209"},{"taxonomy":"post_tag","embeddable":true,"href":"https:\/\/sinpes.org.br\/site\/wp-json\/wp\/v2\/tags?post=3209"}],"curies":[{"name":"wp","href":"https:\/\/api.w.org\/{rel}","templated":true}]}}